{"id":11382,"date":"2022-07-08T10:07:24","date_gmt":"2022-07-08T08:07:24","guid":{"rendered":"https:\/\/auren.com\/ar\/blog\/disenar-con-cuidado-impuestos-extraordinarios-a-electricas\/"},"modified":"2022-07-08T10:07:24","modified_gmt":"2022-07-08T08:07:24","slug":"disenar-con-cuidado-impuestos-extraordinarios-a-electricas","status":"publish","type":"blog","link":"https:\/\/aurenweb-stg.servidortemporal.net\/ar\/blog\/disenar-con-cuidado-impuestos-extraordinarios-a-electricas\/","title":{"rendered":"Dise\u00f1ar \u00abcon cuidado\u00bb impuestos extraordinarios a el\u00e9ctricas"},"content":{"rendered":"<p>Impuesto a la Renta Inesperada en Europa: La <a href=\"https:\/\/ec.europa.eu\/info\/index_es\">Comisi\u00f3n Europea<\/a> recomend\u00f3 esta semana a los pa\u00edses miembros que, como Espa\u00f1a, est\u00e1n dise\u00f1ando impuestos extraordinarios sobre los beneficios ca\u00eddos del cielo de las el\u00e9ctricas, que lo hagan \u00abcon cuidado\u00bb para evitar distorsiones indeseadas y que no frene inversiones en energ\u00edas renovables.<\/p>\n<p>Las orientaciones de la <a href=\"https:\/\/ec.europa.eu\/info\/index_es\">Comisi\u00f3n Europea<\/a> sugieren que la medida no debe ser retroactiva, debe ser neutral desde el punto de vista tecnol\u00f3gico y debe permitir que los productores de electricidad cubran sus costes.<\/p>\n<p>Con respecto al uso de los ingresos por estos impuestos extraordinarios, los mismos deben utilizarse para apoyar a los consumidores vulnerables a trav\u00e9s de medidas para compensar el alza de los precios de la electricidad en sus facturas.<\/p>\n<p>Por <a href=\"https:\/\/www.linkedin.com\/in\/fernando-garcia-achilli-21191718\/\">Fernando Garc\u00eda Achilli<\/a>, Director de <a href=\"https:\/\/aurenweb-stg.servidortemporal.net\/ar\/servicios\/tax-legal\/impuestos\/\">impuesto<\/a>s de <a href=\"https:\/\/aurenweb-stg.servidortemporal.net\/ar\/\">Auren<\/a> <\/p>\n<p><!-- AddThis Advanced Settings generic via filter on the_content --><!-- AddThis Share Buttons generic via filter on the_content --><\/p>\n","protected":false},"excerpt":{"rendered":"<p>Impuesto a la Renta Inesperada en Europa: La Comisi\u00f3n Europea recomend\u00f3 esta semana a los pa\u00edses miembros que, como Espa\u00f1a, est\u00e1n dise\u00f1ando impuestos extraordinarios sobre los beneficios ca\u00eddos del cielo [&hellip;]<\/p>\n","protected":false},"featured_media":11383,"template":"","meta":{"_acf_changed":false,"footnotes":""},"blog-category":[],"class_list":["post-11382","blog","type-blog","status-publish","has-post-thumbnail","hentry"],"acf":[],"_links":{"self":[{"href":"https:\/\/aurenweb-stg.servidortemporal.net\/ar\/wp-json\/wp\/v2\/blog\/11382","targetHints":{"allow":["GET"]}}],"collection":[{"href":"https:\/\/aurenweb-stg.servidortemporal.net\/ar\/wp-json\/wp\/v2\/blog"}],"about":[{"href":"https:\/\/aurenweb-stg.servidortemporal.net\/ar\/wp-json\/wp\/v2\/types\/blog"}],"version-history":[{"count":0,"href":"https:\/\/aurenweb-stg.servidortemporal.net\/ar\/wp-json\/wp\/v2\/blog\/11382\/revisions"}],"wp:featuredmedia":[{"embeddable":true,"href":"https:\/\/aurenweb-stg.servidortemporal.net\/ar\/wp-json\/wp\/v2\/media\/11383"}],"wp:attachment":[{"href":"https:\/\/aurenweb-stg.servidortemporal.net\/ar\/wp-json\/wp\/v2\/media?parent=11382"}],"wp:term":[{"taxonomy":"blog-category","embeddable":true,"href":"https:\/\/aurenweb-stg.servidortemporal.net\/ar\/wp-json\/wp\/v2\/blog-category?post=11382"}],"curies":[{"name":"wp","href":"https:\/\/api.w.org\/{rel}","templated":true}]}}