{"id":11431,"date":"2022-04-13T12:26:30","date_gmt":"2022-04-13T10:26:30","guid":{"rendered":"https:\/\/auren.com\/ar\/blog\/cordoba-la-renta-financiera-en-el-impuesto-sobre-los-ingresos-brutos\/"},"modified":"2022-04-13T12:26:30","modified_gmt":"2022-04-13T10:26:30","slug":"cordoba-la-renta-financiera-en-el-impuesto-sobre-los-ingresos-brutos","status":"publish","type":"blog","link":"https:\/\/aurenweb-stg.servidortemporal.net\/ar\/blog\/cordoba-la-renta-financiera-en-el-impuesto-sobre-los-ingresos-brutos\/","title":{"rendered":"C\u00f3rdoba. La renta financiera en el impuesto sobre los ingresos brutos"},"content":{"rendered":"<h2 class=\"wp-block-heading\">El caso de los inversores en Fondos Comunes de Inversi\u00f3n<\/h2>\n<p>Recientemente gran cantidad de contribuyentes del Impuesto sobre los Ingresos Brutos (ISIB) de C\u00f3rdoba (tanto Locales como de Convenio Multilateral) han sido intimados por la Direcci\u00f3n General de Rentas de dicha jurisdicci\u00f3n a declarar la renta proveniente de inversiones sobre fondos comunes de inversi\u00f3n (FCI), gracias a la base de informaci\u00f3n que poseen producto del r\u00e9gimen de retenci\u00f3n instaurado en noviembre de 2019 sobre determinadas operaciones financieras.<\/p>\n<p>Es importante destacar que la gravabilidad en el ISIB de los ingresos provenientes de determinadas rentas financieras (entre las que se encuentran los FCI) no ha sufrido modificaciones, pero si se ha visto alterada la conformaci\u00f3n de las bases imponibles.<\/p>\n<p>El resultado proveniente de la enajenaci\u00f3n de cuotas partes de fondos comunes de inversi\u00f3n se encuentra gravado en el ISIB siempre que se trate de sujetos personas jur\u00eddicas; cuando se trate de sujetos personas humanas se encontrar\u00e1n exentos siempre que estemos frente a FCI \u201cabiertos\u201d y que los mismos cumplan con las condiciones establecidas por la normativa provincial.<\/p>\n<p>Por su parte, el actual art\u00edculo 222 del C\u00f3digo Tributario Provincial (CTP) en su inciso f) junto al art\u00edculo 151 del Decreto provincial 320\/2021 son los responsables de fijar una base imponible especial para gravar estos hechos: la misma est\u00e1 constituida por la diferencia entre el precio de venta (rescate) y el precio de costo (suscripci\u00f3n), actualiz\u00e1ndose este \u00faltimo por aplicaci\u00f3n del IPC INDEC, desde el mes de compra hasta el mes anterior a su enajenaci\u00f3n.<\/p>\n<p>Adem\u00e1s, y tal como se mencion\u00f3 anteriormente, la Provincia de C\u00f3rdoba emiti\u00f3 en noviembre de 2019 el Decreto 1290 estableciendo modificaciones al Decreto 1205\/15 para crear un R\u00e9gimen de Retenci\u00f3n en el ISIB sobre diversas operaciones financieras, entre las que se encuentran las relativas a las inversiones en FCI; en particular, las sociedades depositarias ser\u00e1n las responsables de retener el porcentaje que establece el actual art\u00edculo 363 del Decreto 320\/2021, que para el caso de los FCI equivale al 0,01% sobre los importes rescatados.<\/p>\n<p>Por <a href=\"https:\/\/www.linkedin.com\/in\/marco-antonio-liotta-183178117\/\">Marco Antonio Liotta<\/a>, Gerente de <a href=\"https:\/\/aurenweb-stg.servidortemporal.net\/ar\/servicios\/tax-legal\/impuestos\/\">impositivo<\/a> laboral &#8211; <a href=\"https:\/\/aurenweb-stg.servidortemporal.net\/ar\/contacto\/\">C\u00f3rdoba<\/a><\/p>\n<p><!-- AddThis Advanced Settings generic via filter on the_content --><!-- AddThis Share Buttons generic via filter on the_content --><\/p>\n","protected":false},"excerpt":{"rendered":"<p>El caso de los inversores en Fondos Comunes de Inversi\u00f3n Recientemente gran cantidad de contribuyentes del Impuesto sobre los Ingresos Brutos (ISIB) de C\u00f3rdoba (tanto Locales como de Convenio Multilateral) [&hellip;]<\/p>\n","protected":false},"featured_media":11432,"template":"","meta":{"_acf_changed":false,"footnotes":""},"blog-category":[],"class_list":["post-11431","blog","type-blog","status-publish","has-post-thumbnail","hentry"],"acf":[],"_links":{"self":[{"href":"https:\/\/aurenweb-stg.servidortemporal.net\/ar\/wp-json\/wp\/v2\/blog\/11431","targetHints":{"allow":["GET"]}}],"collection":[{"href":"https:\/\/aurenweb-stg.servidortemporal.net\/ar\/wp-json\/wp\/v2\/blog"}],"about":[{"href":"https:\/\/aurenweb-stg.servidortemporal.net\/ar\/wp-json\/wp\/v2\/types\/blog"}],"version-history":[{"count":0,"href":"https:\/\/aurenweb-stg.servidortemporal.net\/ar\/wp-json\/wp\/v2\/blog\/11431\/revisions"}],"wp:featuredmedia":[{"embeddable":true,"href":"https:\/\/aurenweb-stg.servidortemporal.net\/ar\/wp-json\/wp\/v2\/media\/11432"}],"wp:attachment":[{"href":"https:\/\/aurenweb-stg.servidortemporal.net\/ar\/wp-json\/wp\/v2\/media?parent=11431"}],"wp:term":[{"taxonomy":"blog-category","embeddable":true,"href":"https:\/\/aurenweb-stg.servidortemporal.net\/ar\/wp-json\/wp\/v2\/blog-category?post=11431"}],"curies":[{"name":"wp","href":"https:\/\/api.w.org\/{rel}","templated":true}]}}