{"id":11486,"date":"2022-01-21T15:03:33","date_gmt":"2022-01-21T14:03:33","guid":{"rendered":"https:\/\/auren.com\/ar\/blog\/el-papel-del-consultor-ante-la-crisis-de-los-contenedores\/"},"modified":"2022-01-21T15:03:33","modified_gmt":"2022-01-21T14:03:33","slug":"el-papel-del-consultor-ante-la-crisis-de-los-contenedores","status":"publish","type":"blog","link":"https:\/\/aurenweb-stg.servidortemporal.net\/ar\/blog\/el-papel-del-consultor-ante-la-crisis-de-los-contenedores\/","title":{"rendered":"El papel del consultor ante la crisis de los contenedores"},"content":{"rendered":"<p>El aumento de las \u00f3rdenes de producci\u00f3n ha superado la capacidad log\u00edstica de buques y puertos, generando un desequilibrio en la cadena de suministro, y provocando la denominada Crisis de los Contenedores, que se traduce, entre otros aspectos, en el aumento desmesurado del valor de los fletes.\u00a0En este punto, la <a href=\"https:\/\/aurenweb-stg.servidortemporal.net\/ar\/servicios\/consultoria\/\">Consultor\u00eda<\/a> cobra relevancia en la aplicaci\u00f3n del conocimiento basado en su experiencia para brindar asesor\u00eda en diferentes sectores buscando maximizar procesos, resolver nuevos escenarios desafiantes y brindar soporte a sus aliados comerciales.<\/p>\n<p>La Crisis de los Contenedores actual es provocada por la falta de planificaci\u00f3n y herramientas que puedan cubrir las variaciones en las tarifas.&nbsp;As\u00ed, c\u00f3mo es posible minimizar los cambios de moneda, con m\u00e9todos de cobertura o negociaci\u00f3n a plazo, el consultor podr\u00e1 proponer medidas o escenarios que permitan la convivencia con estos cambios, reduciendo el impacto en la cadena de valor y permitiendo adicionalmente a las empresas, optar por la beneficios fiscales y aduaneros que estos pa\u00edses ofrecen actualmente para enfrentar la crisis provocada por la pandemia.<\/p>\n<p>El manejo adecuado de las herramientas para enfrentar la crisis marcar\u00e1 la diferencia.<\/p>\n<p><a href=\"https:\/\/www.linkedin.com\/in\/david-a-huertas-perdomo-09076276\/\">D<em>avid Huertas<\/em><\/a><em> (Desarrollo de Negocios) y Leidy Orjuela Director Legal y Tributario Auren Colombia<\/em><\/p>\n<p><!-- AddThis Advanced Settings generic via filter on the_content --><!-- AddThis Share Buttons generic via filter on the_content --><\/p>\n","protected":false},"excerpt":{"rendered":"<p>El aumento de las \u00f3rdenes de producci\u00f3n ha superado la capacidad log\u00edstica de buques y puertos, generando un desequilibrio en la cadena de suministro, y provocando la denominada Crisis de [&hellip;]<\/p>\n","protected":false},"featured_media":11487,"template":"","meta":{"_acf_changed":false,"footnotes":""},"blog-category":[],"class_list":["post-11486","blog","type-blog","status-publish","has-post-thumbnail","hentry"],"acf":[],"_links":{"self":[{"href":"https:\/\/aurenweb-stg.servidortemporal.net\/ar\/wp-json\/wp\/v2\/blog\/11486","targetHints":{"allow":["GET"]}}],"collection":[{"href":"https:\/\/aurenweb-stg.servidortemporal.net\/ar\/wp-json\/wp\/v2\/blog"}],"about":[{"href":"https:\/\/aurenweb-stg.servidortemporal.net\/ar\/wp-json\/wp\/v2\/types\/blog"}],"version-history":[{"count":0,"href":"https:\/\/aurenweb-stg.servidortemporal.net\/ar\/wp-json\/wp\/v2\/blog\/11486\/revisions"}],"wp:featuredmedia":[{"embeddable":true,"href":"https:\/\/aurenweb-stg.servidortemporal.net\/ar\/wp-json\/wp\/v2\/media\/11487"}],"wp:attachment":[{"href":"https:\/\/aurenweb-stg.servidortemporal.net\/ar\/wp-json\/wp\/v2\/media?parent=11486"}],"wp:term":[{"taxonomy":"blog-category","embeddable":true,"href":"https:\/\/aurenweb-stg.servidortemporal.net\/ar\/wp-json\/wp\/v2\/blog-category?post=11486"}],"curies":[{"name":"wp","href":"https:\/\/api.w.org\/{rel}","templated":true}]}}