{"id":11538,"date":"2021-08-09T15:01:15","date_gmt":"2021-08-09T13:01:15","guid":{"rendered":"https:\/\/auren.com\/ar\/blog\/del-insight-a-la-accion-como-optimizar-la-cobranza\/"},"modified":"2021-08-09T15:01:15","modified_gmt":"2021-08-09T13:01:15","slug":"del-insight-a-la-accion-como-optimizar-la-cobranza","status":"publish","type":"blog","link":"https:\/\/aurenweb-stg.servidortemporal.net\/ar\/blog\/del-insight-a-la-accion-como-optimizar-la-cobranza\/","title":{"rendered":"Del Insight a la Acci\u00f3n \u00bfC\u00f3mo optimizar la Cobranza?"},"content":{"rendered":"<p>\u00bfSe acuerdan de haber estudiado Integrales en el Colegio y despu\u00e9s en la Facultad? Pero, \u00bfSe acuerdan para qu\u00e9 sirve en el mundo de los negocios?<\/p>\n<p>Es para calcular el costo de la operaci\u00f3n, ll\u00e1mese necesidad de financiamiento. Entonces: si tomamos una tasa de inter\u00e9s (correspondiente al costo del dinero) y la multiplicamos por la superficie del gr\u00e1fico calculamos el costo financiero de la actividad, ll\u00e1mese&nbsp;<strong>necesidad de capital de trabajo.<\/strong><\/p>\n<p>Si nos ponemos a ver detalles de un gr\u00e1fico que represente las cuentas a cobrar de una empresa, encontramos muchas particularidades:<\/p>\n<ul>\n<li>Deuda m\u00e1s antigua<\/li>\n<li>Deuda corriente<\/li>\n<li>Deuda vencida por plazo<\/li>\n<\/ul>\n<p>Y solemos usar un<strong>\u00a0indicador clave<\/strong>\u00a0que son los\u00a0<strong>D\u00edas en la Calle (DSO Days on standing):\u00a0<\/strong>la cantidad de d\u00edas que tengo pendiente de cobro considerando el promedio diario de ventas.<\/p>\n<figure class=\"wp-block-image size-large\"><img decoding=\"async\" loading=\"lazy\" width=\"1024\" height=\"820\" src=\"https:\/\/aurenweb-stg.servidortemporal.net\/ar\/wp-content\/uploads\/migration\/2021\/08\/IMAGEN-7-1024x820.png\" alt=\"\" class=\"wp-image-12794\" srcset=\"https:\/\/aurenweb-stg.servidortemporal.net\/ar\/wp-content\/uploads\/migration\/2021\/08\/IMAGEN-7-1024x820.png 1024w, https:\/\/aurenweb-stg.servidortemporal.net\/ar\/wp-content\/uploads\/migration\/2021\/08\/IMAGEN-7-300x240.png 300w, https:\/\/aurenweb-stg.servidortemporal.net\/ar\/wp-content\/uploads\/migration\/2021\/08\/IMAGEN-7-768x615.png 768w, https:\/\/aurenweb-stg.servidortemporal.net\/ar\/wp-content\/uploads\/migration\/2021\/08\/IMAGEN-7.png 1160w\" sizes=\"auto, (max-width: 1024px) 100vw, 1024px\" \/><\/figure>\n<p>\u00bfPara qu\u00e9 usamos los\u00a0<strong>tableros Anal\u00edticos <\/strong>cuando analizamos procesos?\u00a0<strong>Para reducir ese DSO<\/strong>, para\u00a0<strong>optimizar ese indicador.<\/strong><\/p>\n<p>\u00bfY c\u00f3mo lo hacemos? Dando las herramientas de procesamiento de informaci\u00f3n y visuales para gestionar las variables que entran en juego. Pero en resumen,&nbsp;<strong>haciendo que se achique la superficie del gr\u00e1fico.<\/strong><\/p>\n<p>Cuando eso lo llevamos a&nbsp;<strong>optimizaci\u00f3n de inventarios&nbsp;<\/strong>aplicamos el mismo concepto, pero aqu\u00ed<strong>&nbsp;se agregan numerosas complejidades:&nbsp;<\/strong><\/p>\n<ul>\n<li>El lote de compra \u00f3ptimo<\/li>\n<li>Las variadas curvas de consumo de los distintos productos<\/li>\n<li>La administraci\u00f3n independiente de numerosos almacenes<\/li>\n<li>El car\u00e1cter c\u00edclico de las ventas<\/li>\n<li>El tratamiento diferencial de distintos productos por su necesidad de presencia u obsolescencia.<\/li>\n<\/ul>\n<p>Hay muchas variables en juego,<strong>&nbsp;no se puede resolver en forma intuitiva<\/strong>.<\/p>\n<p>Cuando eso lo llevamos a&nbsp;<strong>procesos,&nbsp;<\/strong>nos corremos un poquito de ese gr\u00e1fico y&nbsp;<strong>nos movemos a un concepto de flujo.<\/strong>&nbsp;Como pasa en una matriz de energ\u00eda debemos darle uso primero a los recursos m\u00e1s eficientes o menos costosos y despu\u00e9s ir incorporando los m\u00e1s costosos, pero al mismo tiempo detectar los factores que generan rupturas, fallas, ineficiencias, resultados no deseados. Y<strong>&nbsp;aqu\u00ed el objetivo nuevamente es reducir la superficie del gr\u00e1fico, pero en este caso en un continuo.<\/strong><\/p>\n<p><strong>En eso consiste la transformaci\u00f3n digital: todos los d\u00edas ir optimizando la integral de la curva.\u00a0<\/strong><\/p>\n<p>Por <a href=\"https:\/\/www.linkedin.com\/in\/gbargiq4bdiqmx\/\">Guillermo Blauzwirn<\/a>, Socio de IT de Auren<\/p>\n<p><!-- AddThis Advanced Settings generic via filter on the_content --><!-- AddThis Share Buttons generic via filter on the_content --><\/p>\n","protected":false},"excerpt":{"rendered":"<p>\u00bfSe acuerdan de haber estudiado Integrales en el Colegio y despu\u00e9s en la Facultad? Pero, \u00bfSe acuerdan para qu\u00e9 sirve en el mundo de los negocios? Es para calcular el [&hellip;]<\/p>\n","protected":false},"featured_media":11539,"template":"","meta":{"_acf_changed":false,"footnotes":""},"blog-category":[],"class_list":["post-11538","blog","type-blog","status-publish","has-post-thumbnail","hentry"],"acf":[],"_links":{"self":[{"href":"https:\/\/aurenweb-stg.servidortemporal.net\/ar\/wp-json\/wp\/v2\/blog\/11538","targetHints":{"allow":["GET"]}}],"collection":[{"href":"https:\/\/aurenweb-stg.servidortemporal.net\/ar\/wp-json\/wp\/v2\/blog"}],"about":[{"href":"https:\/\/aurenweb-stg.servidortemporal.net\/ar\/wp-json\/wp\/v2\/types\/blog"}],"version-history":[{"count":0,"href":"https:\/\/aurenweb-stg.servidortemporal.net\/ar\/wp-json\/wp\/v2\/blog\/11538\/revisions"}],"wp:featuredmedia":[{"embeddable":true,"href":"https:\/\/aurenweb-stg.servidortemporal.net\/ar\/wp-json\/wp\/v2\/media\/11539"}],"wp:attachment":[{"href":"https:\/\/aurenweb-stg.servidortemporal.net\/ar\/wp-json\/wp\/v2\/media?parent=11538"}],"wp:term":[{"taxonomy":"blog-category","embeddable":true,"href":"https:\/\/aurenweb-stg.servidortemporal.net\/ar\/wp-json\/wp\/v2\/blog-category?post=11538"}],"curies":[{"name":"wp","href":"https:\/\/api.w.org\/{rel}","templated":true}]}}