{"id":11575,"date":"2021-06-22T14:14:55","date_gmt":"2021-06-22T12:14:55","guid":{"rendered":"https:\/\/auren.com\/ar\/blog\/8-tips-para-armar-un-cv-atractivo\/"},"modified":"2021-06-22T14:14:55","modified_gmt":"2021-06-22T12:14:55","slug":"8-tips-para-armar-un-cv-atractivo","status":"publish","type":"blog","link":"https:\/\/aurenweb-stg.servidortemporal.net\/ar\/blog\/8-tips-para-armar-un-cv-atractivo\/","title":{"rendered":"8 Tips para armar un CV atractivo"},"content":{"rendered":"<p>Tu CV es la primera impresi\u00f3n ante una persona de Recursos Humanos, por este motivo, es importante que tengas claro c\u00f3mo realizarlo de manera efectiva. Los selectores a la hora de buscar el mejor candidato hacen foco en algunos aspectos puntuales que son de suma relevancia para tener en cuenta:<\/p>\n<ol>\n<li>Los reclutadores dedican mucho tiempo a la revisi\u00f3n de distintos CVs por d\u00eda. Por esta raz\u00f3n, te recomendamos que sea lo m\u00e1s breve y concreto posible, siempre y cuando este la informaci\u00f3n m\u00e1s relevante.<\/li>\n<\/ol>\n<p>2. Aunque suene como una obviedad, siempre revisa que la informaci\u00f3n de datos personales y de contacto este completa (nombre y apellido, barrio o localidad donde viven, tel\u00e9fono y mail).<\/p>\n<p>3. Siguiendo con el punto anterior, es importante que esos datos est\u00e9n visibles para poder identificarlos f\u00e1cilmente. Lo queremos decir, es que los datos de contacto est\u00e9n en las primeras l\u00edneas de tu CV.<\/p>\n<p>4. La ortograf\u00eda es indispensable para causar una buena impresi\u00f3n, de tal forma que, chequea bien las tildes, las comas y los errores que a veces pueden surgir por escribir de forma apresurada.<\/p>\n<p>5. Es necesario al momento de enviarlo lo tengas actualizado, ya que te podr\u00edan descartar de un proceso para el cual estas capacitado o tienes la experiencia que se requiere.<\/p>\n<p>6. Ten presente que algunas herramientas son significativas para algunas posiciones. Por consiguiente, es necesario incluirlas en un apartado especial en el CV. Por ejemplo: si conoces o has trabajado con el paquete Office, si tienes experiencia con alg\u00fan sistema de gesti\u00f3n o con alg\u00fan programa\/lenguaje programaci\u00f3n.<\/p>\n<p>7. Con todo lo que implica armar un Curriculum, no hay que dejar de lado lo profesional. Esto quiere decir, ser prolijo, utilizar colores sobrios o neutros, foto de perfil prudente, tipolog\u00eda de letra legible, mail formal, entre otros.<\/p>\n<p>8. \u00daltimo, pero no menos importante, si ten\u00e9s la posibilidad de saber a qu\u00e9 empresa te estas postulando, ser\u00eda ideal que puedas orientar el mail a la posici\u00f3n. Esto se puede lograr identific\u00e1ndose con algunos valores corporativos, mostrando mayor inter\u00e9s y haciendo la diferencia.<\/p>\n<p>Por Soledith Morales y Florencia Maqui, Reclutamiento y Selecci\u00f3n de Auren<\/p>\n<p><!-- AddThis Advanced Settings generic via filter on the_content --><!-- AddThis Share Buttons generic via filter on the_content --><\/p>\n","protected":false},"excerpt":{"rendered":"<p>Tu CV es la primera impresi\u00f3n ante una persona de Recursos Humanos, por este motivo, es importante que tengas claro c\u00f3mo realizarlo de manera efectiva. Los selectores a la hora [&hellip;]<\/p>\n","protected":false},"featured_media":11576,"template":"","meta":{"_acf_changed":false,"footnotes":""},"blog-category":[],"class_list":["post-11575","blog","type-blog","status-publish","has-post-thumbnail","hentry"],"acf":[],"_links":{"self":[{"href":"https:\/\/aurenweb-stg.servidortemporal.net\/ar\/wp-json\/wp\/v2\/blog\/11575","targetHints":{"allow":["GET"]}}],"collection":[{"href":"https:\/\/aurenweb-stg.servidortemporal.net\/ar\/wp-json\/wp\/v2\/blog"}],"about":[{"href":"https:\/\/aurenweb-stg.servidortemporal.net\/ar\/wp-json\/wp\/v2\/types\/blog"}],"version-history":[{"count":0,"href":"https:\/\/aurenweb-stg.servidortemporal.net\/ar\/wp-json\/wp\/v2\/blog\/11575\/revisions"}],"wp:featuredmedia":[{"embeddable":true,"href":"https:\/\/aurenweb-stg.servidortemporal.net\/ar\/wp-json\/wp\/v2\/media\/11576"}],"wp:attachment":[{"href":"https:\/\/aurenweb-stg.servidortemporal.net\/ar\/wp-json\/wp\/v2\/media?parent=11575"}],"wp:term":[{"taxonomy":"blog-category","embeddable":true,"href":"https:\/\/aurenweb-stg.servidortemporal.net\/ar\/wp-json\/wp\/v2\/blog-category?post=11575"}],"curies":[{"name":"wp","href":"https:\/\/api.w.org\/{rel}","templated":true}]}}