{"id":4158,"date":"2019-01-10T08:44:43","date_gmt":"2019-01-10T07:44:43","guid":{"rendered":"https:\/\/aurenweb-stg.servidortemporal.net\/cl\/blog\/el-papel-del-auditor-en-relacion-con-la-informacion-no-financiera\/"},"modified":"2019-01-10T08:44:43","modified_gmt":"2019-01-10T07:44:43","slug":"el-papel-del-auditor-en-relacion-con-la-informacion-no-financiera","status":"publish","type":"blog","link":"https:\/\/aurenweb-stg.servidortemporal.net\/cl\/blog\/el-papel-del-auditor-en-relacion-con-la-informacion-no-financiera\/","title":{"rendered":"El papel del auditor en relaci\u00f3n con la informaci\u00f3n no financiera"},"content":{"rendered":"<p class=\"text-justify\">Como continuaci\u00f3n a nuestro blog anterior, y tras la publicaci\u00f3n, en el BOE de 29 de diciembre de 2018, de la Ley 11\/2018, de 28 de diciembre, por la que se modifica el C\u00f3digo de Comercio, el texto refundido de la Ley de Sociedades de Capital aprobado por el Real Decreto Legislativo 1\/2010, de 2 de julio, y la Ley 22\/2015, de 20 de julio, de Auditor\u00eda de Cuentas, en materia de informaci\u00f3n no financiera y diversidad, conviene analizar c\u00f3mo nos afecta a los auditores esta novedad legislativa.<\/p>\n<p class=\"text-justify\"><strong>ASPECTOS RELEVANTES DE LA LEY 11\/2018<\/strong><\/p>\n<p class=\"text-justify\">La Ley 11\/2018 entr\u00f3 en vigor al d\u00eda siguiente a su publicaci\u00f3n en el BOE, esto es, el 30 de diciembre de 2018, afectando a los ejercicios econ\u00f3micos iniciados a partir del 1 de enero de 2018 y, por ende, a las cuentas e informe de gesti\u00f3n de 2018, que ser\u00e1n formulados en este primer trimestre de 2019. <\/p>\n<p class=\"text-justify\">En consecuencia, las entidades obligadas a facilitar la informaci\u00f3n no financiera y sobre pol\u00edtica de diversidad y otros aspectos en su informe de gesti\u00f3n de 2018 (o como anexo al mismo), no deben despistarse y sus auditores tampoco.<\/p>\n<p class=\"text-justify\">Estas entidades son: las sociedades de capital y las que formulen cuentas anuales consolidadas, con m\u00e1s de 500 trabajadores de plantilla media, y que, adem\u00e1s:<\/p>\n<ol class=\"text-justify\">\n<li class=\"text-justify\">O bien sean Entidades de Inter\u00e9s P\u00fablico (EIP\u0092s) <\/li>\n<li class=\"text-justify\">O bien durante dos ejercicios consecutivos (en esta primera ocasi\u00f3n, 2017 y 2018) re\u00fanan dos de las siguientes circunstancias: <\/li>\n<\/ol>\n<p class=\"text-justify\">a. Total Activos &gt; 20 MM \u0080<\/p>\n<p class=\"text-justify\">b. Importe Neto de la Cifra de Negocio &gt; 40 MM \u0080<\/p>\n<p class=\"text-justify\">c. Plantilla media &gt; 250 trabajadores<\/p>\n<p class=\"text-justify\">Una excepci\u00f3n: la sociedad dominante que cumpla los requisitos y sea, a su vez, dependiente de un grupo superior que formule informe de gesti\u00f3n consolidado en el que se incluya al subgrupo. En este caso, la sociedad dependiente exenta deber\u00e1 incluir en su informe de gesti\u00f3n una referencia a la identidad de la sociedad dominante y al Registro Mercantil en el que se depositen sus cuentas y el informe de gesti\u00f3n consolidados.<\/p>\n<p class=\"text-justify\">A partir del 30 de diciembre de 2021 esto es, para las cuentas anuales de 2021, la obligaci\u00f3n de presentar el estado de informaci\u00f3n no financiera y de diversidad se ampliar\u00e1 a las entidades anteriores con plantilla media &gt; 250 empleados.<\/p>\n<p class=\"text-justify\">Adicionalmente, son de resaltar los siguientes aspectos de la Ley:<\/p>\n<ul class=\"text-justify\">\n<li class=\"text-justify\">Ser\u00e1 de obligado cumplimiento que el informe sobre la informaci\u00f3n no financiera deba ser presentado como <strong><u>punto separado del orden del d\u00eda<\/u><\/strong> para su aprobaci\u00f3n en la junta general de accionistas de las sociedades.<\/li>\n<li class=\"text-justify\">La informaci\u00f3n incluida en el estado de informaci\u00f3n no financiera <strong><u>ser\u00e1 verificada<\/u><\/strong> por un prestador <strong><u>independiente<\/u><\/strong> de servicios de verificaci\u00f3n.<\/li>\n<li class=\"text-justify\">El informe <strong><u>se pondr\u00e1 a disposici\u00f3n del p\u00fablico<\/u><\/strong> de forma gratuita y ser\u00e1 f\u00e1cilmente accesible en el sitio web de la sociedad dentro de los seis meses posteriores a la fecha de finalizaci\u00f3n del a\u00f1o financiero y por un per\u00edodo de cinco a\u00f1os.<\/li>\n<\/ul>\n<p class=\"text-justify\"><strong>CONTENIDO DEL ESTADO DE INFORMACI\u00d3N NO FINANCIERA<\/strong><\/p>\n<p class=\"text-justify\">Este estado incluir\u00e1 la informaci\u00f3n necesaria para comprender la evoluci\u00f3n, los resultados y la situaci\u00f3n de la entidad o del grupo, y el impacto de su actividad respecto, al menos, a estas materias. El esquema de la informaci\u00f3n a incorporar establecido en la Ley es el siguiente:<\/p>\n<p class=\"text-justify\">&nbsp;<strong><em>General<\/em><\/strong><\/p>\n<ul class=\"text-justify\">\n<li class=\"text-justify\">Modelo de negocio<\/li>\n<li class=\"text-justify\">Pol\u00edticas aplicadas en estas cuestiones <\/li>\n<li class=\"text-justify\">Resultados de esas pol\u00edticas <\/li>\n<li class=\"text-justify\">Riesgos relacionados con estas materias <\/li>\n<li class=\"text-justify\">Indicadores clave de los resultados no financieros <\/li>\n<\/ul>\n<p class=\"text-justify\">&nbsp;<strong><em>I. Cuestiones medioambientales<\/em><\/strong><\/p>\n<ul class=\"text-justify\">\n<li class=\"text-justify\">Contaminaci\u00f3n<\/li>\n<li class=\"text-justify\">Econom\u00eda circular y prevenci\u00f3n y gesti\u00f3n de residuos <\/li>\n<li class=\"text-justify\">Uso sostenible de los recursos <\/li>\n<li class=\"text-justify\">Cambio clim\u00e1tico <\/li>\n<li class=\"text-justify\">Protecci\u00f3n de la biodiversidad<\/li>\n<\/ul>\n<p class=\"text-justify\"><em><strong><\/strong><\/em><strong><em>II. Cuestiones sociales y relativas al personal<\/em><\/strong><\/p>\n<ul class=\"text-justify\">\n<li class=\"text-justify\">Empleo<\/li>\n<li class=\"text-justify\">Organizaci\u00f3n del trabajo<\/li>\n<li class=\"text-justify\">Salud y seguridad <\/li>\n<li class=\"text-justify\">Relaciones sociales <\/li>\n<li class=\"text-justify\">Formaci\u00f3n <\/li>\n<li class=\"text-justify\">Accesibilidad universal de las personas con discapacidad <\/li>\n<li class=\"text-justify\">Igualdad <\/li>\n<\/ul>\n<p class=\"text-justify\"><strong><em>III.&nbsp;&nbsp;<\/em><\/strong><strong><em>Respeto de los derechos humanos<\/em><\/strong><\/p>\n<p class=\"text-justify\"><strong><em>IV.&nbsp;<strong><em>Lucha contra la corrupci\u00f3n y el soborno<\/em><\/strong><\/em><\/strong><\/p>\n<p class=\"text-justify\"><strong><em>&nbsp;<\/em><\/strong><strong><em>V. Informaci\u00f3n sobre la Sociedad<\/em><\/strong><\/p>\n<ul class=\"text-justify\">\n<li class=\"text-justify\">&nbsp;Compromisos con el desarrollo sostenible<\/li>\n<li class=\"text-justify\">Subcontrataci\u00f3n y proveedores <\/li>\n<li class=\"text-justify\">Consumidores <\/li>\n<li class=\"text-justify\">Informaci\u00f3n fiscal <\/li>\n<\/ul>\n<p class=\"text-justify\">Se incluir\u00e1 cualquier otra informaci\u00f3n significativa.<\/p>\n<p class=\"text-justify\">En el caso de que la entidad o el grupo no aplique ninguna pol\u00edtica respecto a alguna de las cuestiones indicadas, deber\u00e1 explicar los motivos.<\/p>\n<p class=\"text-justify\">El Gobierno podr\u00e1 establecer por v\u00eda reglamentaria, respetando los principios recogidos en esta Ley, indicadores clave para cada materia del estado de informaci\u00f3n no financiera.<\/p>\n<p class=\"text-justify\"><strong>ACTUACI\u00d3N DEL AUDITOR<\/strong><\/p>\n<p class=\"text-justify\">Seg\u00fan establece la Ley, y tal y como ya indicaba el ICAC en su consulta n\u00ba 2 del BOICAC 113, de marzo de 2018, el auditor deber\u00e1 comprobar \u00fanicamente que el estado de informaci\u00f3n no financiera se encuentre incluido en el informe de gesti\u00f3n, no siendo necesaria la aplicaci\u00f3n de ninguna otra medida o procedimiento de revisi\u00f3n a efectos de evaluar y dictaminar si existe alguna incongruencia o incorrecci\u00f3n en dicha informaci\u00f3n. <\/p>\n<p class=\"text-justify\">Por tanto, tendremos que distinguir dos tipos de alcance en la revisi\u00f3n y en la responsabilidad del auditor sobre la informaci\u00f3n contenida en el informe de gesti\u00f3n:<\/p>\n<ul class=\"text-justify\"><\/ul>\n<ol>\n<li class=\"text-justify\">En relaci\u00f3n con la informaci\u00f3n incluida hasta ahora en el informe de gesti\u00f3n, respecto de la cual el auditor tendr\u00e1 que verificar y dictaminar sobre la concordancia o no del informe de gesti\u00f3n con las cuentas correspondientes al mismo ejercicio. Asimismo, sobre si el contenido y presentaci\u00f3n de dicho informe de gesti\u00f3n es conforme con lo requerido por la normativa que resulte de aplicaci\u00f3n, indicando, en su caso, las incorrecciones materiales que se hubiesen detectado a este respecto en el informe de auditor\u00eda.<\/li>\n<li class=\"text-justify\">En relaci\u00f3n con la informaci\u00f3n no financiera y sobre pol\u00edtica de diversidad, sobre la que el auditor se limitar\u00e1 \u00fanicamente a comprobar que dicha informaci\u00f3n se ha incorporado en el informe de gesti\u00f3n (o como anexo al mismo).<\/li>\n<\/ol>\n<p class=\"text-justify\">\u00bfY si la informaci\u00f3n no financiera incluida en el informe de gesti\u00f3n es incompleta o presenta errores flagrantes? El auditor de las cuentas anuales, tras el an\u00e1lisis individualizado de la situaci\u00f3n, deber\u00eda plantearse la posibilidad de incorporar una menci\u00f3n en el informe de auditor\u00eda<\/p>\n<p class=\"text-justify\">&nbsp;Por otra parte, la Ley indica que la informaci\u00f3n incluida en el estado de informaci\u00f3n no financiera y de pol\u00edticas de diversidad deber\u00e1 ser revisada por un <em>prestador independiente de servicios de verificaci\u00f3n<\/em>. \u00bfSomos los auditores prestadores independientes de servicios de verificaci\u00f3n? Obviamente s\u00ed, pero la verificaci\u00f3n de esta informaci\u00f3n ser\u00e1 un encargo independiente del servicio de auditor\u00eda de las cuentas anuales.<\/p>\n<p class=\"text-justify\">No obstante, ni el auditor de las cuentas anuales, ni la red a la que pertenezca en su caso, podr\u00e1n intervenir en el dise\u00f1o y\/o la implantaci\u00f3n de pol\u00edticas medioambientales, sociales, de diversidad, o de cualquier otro aspecto de la responsabilidad social corporativa, de la sociedad o grupo auditado.<\/p>\n<p class=\"text-justify\"><strong>Cristina Herr\u00e1iz, Socia de Auditor\u00eda y Assurance de Auren<\/strong><\/p>\n<p><!-- AddThis Advanced Settings generic via filter on the_content --><!-- AddThis Share Buttons generic via filter on the_content --><\/p>\n","protected":false},"excerpt":{"rendered":"<p>Como continuaci\u00f3n a nuestro blog anterior, y tras la publicaci\u00f3n, en el BOE de 29 de diciembre de 2018, de la Ley 11\/2018, de 28 de diciembre, por la que se modifica el C\u00f3digo de Comercio, el texto refundido de la Ley de Sociedades de Capital aprobado por el Real Decreto Legislativo 1\/2010, de 2 de julio, y la Ley 22\/2015, de 20 de julio, de Auditor\u00eda de Cuentas, en materia de informaci\u00f3n no financiera y diversidad, conviene analizar c\u00f3mo nos afecta a los auditores esta novedad legislativa.<\/p>\n","protected":false},"featured_media":4159,"template":"","meta":{"_acf_changed":false,"footnotes":""},"blog-category":[],"class_list":["post-4158","blog","type-blog","status-publish","has-post-thumbnail","hentry"],"acf":[],"_links":{"self":[{"href":"https:\/\/aurenweb-stg.servidortemporal.net\/cl\/wp-json\/wp\/v2\/blog\/4158","targetHints":{"allow":["GET"]}}],"collection":[{"href":"https:\/\/aurenweb-stg.servidortemporal.net\/cl\/wp-json\/wp\/v2\/blog"}],"about":[{"href":"https:\/\/aurenweb-stg.servidortemporal.net\/cl\/wp-json\/wp\/v2\/types\/blog"}],"version-history":[{"count":0,"href":"https:\/\/aurenweb-stg.servidortemporal.net\/cl\/wp-json\/wp\/v2\/blog\/4158\/revisions"}],"wp:featuredmedia":[{"embeddable":true,"href":"https:\/\/aurenweb-stg.servidortemporal.net\/cl\/wp-json\/wp\/v2\/media\/4159"}],"wp:attachment":[{"href":"https:\/\/aurenweb-stg.servidortemporal.net\/cl\/wp-json\/wp\/v2\/media?parent=4158"}],"wp:term":[{"taxonomy":"blog-category","embeddable":true,"href":"https:\/\/aurenweb-stg.servidortemporal.net\/cl\/wp-json\/wp\/v2\/blog-category?post=4158"}],"curies":[{"name":"wp","href":"https:\/\/api.w.org\/{rel}","templated":true}]}}