{"id":4355,"date":"2018-02-06T09:16:03","date_gmt":"2018-02-06T08:16:03","guid":{"rendered":"https:\/\/aurenweb-stg.servidortemporal.net\/cl\/blog\/politica-integrada-de-calidad-y-medio-ambiente\/"},"modified":"2018-02-06T09:16:03","modified_gmt":"2018-02-06T08:16:03","slug":"politica-integrada-de-calidad-y-medio-ambiente","status":"publish","type":"blog","link":"https:\/\/aurenweb-stg.servidortemporal.net\/cl\/blog\/politica-integrada-de-calidad-y-medio-ambiente\/","title":{"rendered":"Pol\u00edtica integrada de calidad y medio ambiente"},"content":{"rendered":"<p class=\"text-justify\">La Oficina de Madrid de AUREN CONSULTORES SP, SLP. (en adelante Auren), como Organizaci\u00f3n dedicada a la Consultor\u00eda de gesti\u00f3n de la \u0093Calidad, Gesti\u00f3n Ambiental, Estrategia, Prevenci\u00f3n de Riesgos Laborales, Recursos Humanos, Auditorias de tercera parte y evaluaciones de Madrid Excelente, Responsabilidad Social Corporativa, Telecomunicaciones, Seguridad de la Informaci\u00f3n, Protecci\u00f3n de datos, Prevenci\u00f3n del blanqueo de capitales, Gesti\u00f3n de Subvenciones y Gesti\u00f3n e Impartici\u00f3n de Formaci\u00f3n\u0093, tiene como misi\u00f3n principal el satisfacer las necesidades y expectativas de sus clientes a trav\u00e9s de un eficiente desempe\u00f1o de nuestros procesos cuidando en todo momento nuestra relaci\u00f3n con el Medio Ambiente.<\/p>\n<p class=\"text-justify\">Para llevar a cabo esta misi\u00f3n, Auren ha implantado un Sistema de Gesti\u00f3n de la Calidad y Medio Ambiente, que incorpora el cumplimiento de los requisitos de las normas UNE-EN-ISO 9001:2015 y UNE-EN-ISO 14001:2015.<\/p>\n<p class=\"text-justify\">Este Sistema de Gesti\u00f3n de Calidad y Medio Ambiente, basado en el trabajo de todo el personal de la Organizaci\u00f3n, nos conduce a conseguir una mejora continua en la Calidad de nuestros servicios y productos, y en nuestra relaci\u00f3n con el medio ambiente.<\/p>\n<p class=\"text-justify\">En un entorno en el que los clientes y la sociedad en general exigen cada d\u00eda un mejor trato y eficacia, una mayor calidad de los servicios y productos y un sincero compromiso medioambiental, nos hemos de diferenciar de la competencia mediante la adquisici\u00f3n de estos compromisos que, desde \u00e9ste momento, pasan a formar parte de Auren. Solamente este compromiso que hemos de asumir, nos conducir\u00e1 a satisfacer las expectativas de nuestros clientes.<\/p>\n<p class=\"text-justify\">\u00c9ste compromiso se materializa con la definici\u00f3n de nuestra Pol\u00edtica de Calidad y Medio Ambiente, que regir\u00e1 todas las actividades desempe\u00f1adas en Auren, y que se basa en los siguientes principios:<\/p>\n<p class=\"text-justify\">Satisfacci\u00f3n de las necesidades y expectativas de nuestros clientes a trav\u00e9s del cumplimiento de todos aquellos requisitos relacionados con nuestros productos y servicios.<\/p>\n<ul class=\"text-justify\">\n<li class=\"text-justify\">Mejora continua de la eficacia de nuestros procesos, procedimientos, productos y servicios. <\/li>\n<li class=\"text-justify\">Protecci\u00f3n del medio ambiente, bas\u00e1ndonos en la prevenci\u00f3n de la contaminaci\u00f3n y el uso sostenible de los recursos. <\/li>\n<li class=\"text-justify\">Asignaci\u00f3n eficaz de funciones y responsabilidades. <\/li>\n<li class=\"text-justify\">Continua evaluaci\u00f3n y selecci\u00f3n de proveedores. <\/li>\n<li class=\"text-justify\">Formaci\u00f3n del personal. <\/li>\n<li class=\"text-justify\">Sirva de referencia para la definici\u00f3n de objetivos de mejora. <\/li>\n<li class=\"text-justify\">Cumplimiento de la reglamentaci\u00f3n y normativa aplicable, as\u00ed como de cualquier otro requisito que Auren suscriba de forma voluntaria. <\/li>\n<\/ul>\n<p class=\"text-justify\">El Director se compromete y solicita el compromiso de todos los empleados de la Organizaci\u00f3n, en la medida que les corresponda, a desarrollar, perfeccionar y aplicar los criterios de Calidad y Medio Ambiente definidos en los documentos del Sistema de Gesti\u00f3n de la Calidad y Medio Ambiente, adem\u00e1s de revisar esta pol\u00edtica para su continua adecuaci\u00f3n que sirve para la definici\u00f3n y seguimiento de objetivos de calidad y medio ambiente.<\/p>\n<p><strong>Socio Director de Auren Consultores SP, S.L.P.<\/strong><\/p>\n<p class=\"text-right\"><strong><br \/><\/strong><\/p>\n<p class=\"text-right\"><strong>Ed.1&nbsp; &nbsp; &nbsp;10\/11\/2016<\/strong><\/p>\n<p><!-- AddThis Advanced Settings generic via filter on the_content --><!-- AddThis Share Buttons generic via filter on the_content --><\/p>\n","protected":false},"excerpt":{"rendered":"<p>La Oficina de Madrid de AUREN CONSULTORES SP, SLP.(en adelante Auren), como Organizaci\u00f3n dedicada a la Consultor\u00eda de gesti\u00f3n de la \u0093Calidad, Gesti\u00f3n Ambiental, Estrategia, Prevenci\u00f3n de Riesgos Laborales, Recursos Humanos, Auditorias de tercera parte y evaluaciones de Madrid Excelente, Responsabilidad Social Corporativa, Telecomunicaciones, Seguridad de la Informaci\u00f3n, Protecci\u00f3n de datos, Prevenci\u00f3n del blanqueo de capitales, Gesti\u00f3n de Subvenciones y Gesti\u00f3n e Impartici\u00f3n de Formaci\u00f3n\u0093, tiene como misi\u00f3n principal el satisfacer las necesidades y expectativas de sus clientes a trav\u00e9s de un eficiente desempe\u00f1o de nuestros procesos cuidando en todo momento nuestra relaci\u00f3n con el Medio Ambiente.<\/p>\n","protected":false},"featured_media":0,"template":"","meta":{"_acf_changed":false,"footnotes":""},"blog-category":[],"class_list":["post-4355","blog","type-blog","status-publish","hentry"],"acf":[],"_links":{"self":[{"href":"https:\/\/aurenweb-stg.servidortemporal.net\/cl\/wp-json\/wp\/v2\/blog\/4355","targetHints":{"allow":["GET"]}}],"collection":[{"href":"https:\/\/aurenweb-stg.servidortemporal.net\/cl\/wp-json\/wp\/v2\/blog"}],"about":[{"href":"https:\/\/aurenweb-stg.servidortemporal.net\/cl\/wp-json\/wp\/v2\/types\/blog"}],"version-history":[{"count":0,"href":"https:\/\/aurenweb-stg.servidortemporal.net\/cl\/wp-json\/wp\/v2\/blog\/4355\/revisions"}],"wp:attachment":[{"href":"https:\/\/aurenweb-stg.servidortemporal.net\/cl\/wp-json\/wp\/v2\/media?parent=4355"}],"wp:term":[{"taxonomy":"blog-category","embeddable":true,"href":"https:\/\/aurenweb-stg.servidortemporal.net\/cl\/wp-json\/wp\/v2\/blog-category?post=4355"}],"curies":[{"name":"wp","href":"https:\/\/api.w.org\/{rel}","templated":true}]}}