{"id":8744,"date":"2021-11-03T10:08:59","date_gmt":"2021-11-03T09:08:59","guid":{"rendered":"https:\/\/aurenweb-stg.servidortemporal.net\/co\/blog\/responsabilidad-del-contador-publico-frente-a-los-estados-financieros-que-se-presenten-a-los-socios\/"},"modified":"2021-11-03T10:08:59","modified_gmt":"2021-11-03T09:08:59","slug":"responsabilidad-del-contador-publico-frente-a-los-estados-financieros-que-se-presenten-a-los-socios","status":"publish","type":"blog","link":"https:\/\/aurenweb-stg.servidortemporal.net\/co\/blog\/responsabilidad-del-contador-publico-frente-a-los-estados-financieros-que-se-presenten-a-los-socios\/","title":{"rendered":"Responsabilidad del Contador P\u00fablico frente a los estados financieros que se presenten a los socios"},"content":{"rendered":"<p>El Consejo T\u00e9cnico de la Contadur\u00eda P\u00fablica mediante Concepto No- 527 del 11 de octubre de 2021, conceptu\u00f3 acerca de la responsabilidad que le asiste al contador cuando firma los estados financieros de una sociedad. Al respecto, la entidad trajo a colaci\u00f3n el art\u00edculo 37 de la Ley 222 de 1995 que establece el r\u00e9gimen de responsabilidad del representante legal y del contador p\u00fablico que hubiesen preparado estados financieros para los asociados de la sociedad o terceros.<\/p>\n<p>El mencionado art\u00edculo establece lo siguiente:<\/p>\n<p><em>\u201cEl representante legal y el contador p\u00fablico bajo cuya responsabilidad se hubiesen preparado los estados financieros deber\u00e1n certificar aquellos que se pongan a disposici\u00f3n de los asociados o de terceros. La certificaci\u00f3n consiste en declarar que se han verificado previamente las afirmaciones contenidas en ellos, conforme al reglamento, y que las mismas se han tomado fielmente de los libros\u201d.<\/em><\/p>\n<p>El contador p\u00fablico est\u00e1 obligado a garantizar que la informaci\u00f3n consignada en los estados financieros haya sido suministrada haciendo uso de los principios para el reconocimiento, medici\u00f3n, presentaci\u00f3n y revelaci\u00f3n conforme al marco t\u00e9cnico en el que haya sido calificada la entidad.<\/p>\n<p>De igual forma, el contador p\u00fablico deber\u00e1 informar a los administradores de la sociedad cualquier error, imprecisi\u00f3n o no cumplimiento de los principios mencionados anteriormente, para que esta efectu\u00e9 las correcciones pertinentes.<\/p>\n<p>La entidad recomienda que, para los casos en que el contador p\u00fablico se vea obligado a firmar informaci\u00f3n err\u00f3nea, este se abstenga, informe a la administraci\u00f3n de la situaci\u00f3n y obtenga asesoramiento legal para la terminaci\u00f3n de su contrato.<\/p>\n<blockquote class=\"wp-block-quote\">\n<p>Fuente<\/p>\n<p><cite><a href=\"https:\/\/www.ctcp.gov.co\/conceptos\/2021\">Consejo T\u00e9cnico de la Contadur\u00eda P\u00fablica, Concepto No- 527 del 11 de octubre de 2021.<\/a><\/cite><\/p><\/blockquote>\n<p><!-- AddThis Advanced Settings generic via filter on the_content --><!-- AddThis Share Buttons generic via filter on the_content --><\/p>\n","protected":false},"excerpt":{"rendered":"<p>El Consejo T\u00e9cnico de la Contadur\u00eda P\u00fablica mediante Concepto No- 527 del 11 de octubre de 2021, conceptu\u00f3 acerca de la responsabilidad que le asiste al contador cuando firma los [&hellip;]<\/p>\n","protected":false},"featured_media":8745,"template":"","meta":{"_acf_changed":false,"footnotes":""},"blog-category":[],"class_list":["post-8744","blog","type-blog","status-publish","has-post-thumbnail","hentry"],"acf":[],"_links":{"self":[{"href":"https:\/\/aurenweb-stg.servidortemporal.net\/co\/wp-json\/wp\/v2\/blog\/8744","targetHints":{"allow":["GET"]}}],"collection":[{"href":"https:\/\/aurenweb-stg.servidortemporal.net\/co\/wp-json\/wp\/v2\/blog"}],"about":[{"href":"https:\/\/aurenweb-stg.servidortemporal.net\/co\/wp-json\/wp\/v2\/types\/blog"}],"version-history":[{"count":0,"href":"https:\/\/aurenweb-stg.servidortemporal.net\/co\/wp-json\/wp\/v2\/blog\/8744\/revisions"}],"wp:featuredmedia":[{"embeddable":true,"href":"https:\/\/aurenweb-stg.servidortemporal.net\/co\/wp-json\/wp\/v2\/media\/8745"}],"wp:attachment":[{"href":"https:\/\/aurenweb-stg.servidortemporal.net\/co\/wp-json\/wp\/v2\/media?parent=8744"}],"wp:term":[{"taxonomy":"blog-category","embeddable":true,"href":"https:\/\/aurenweb-stg.servidortemporal.net\/co\/wp-json\/wp\/v2\/blog-category?post=8744"}],"curies":[{"name":"wp","href":"https:\/\/api.w.org\/{rel}","templated":true}]}}