{"id":8765,"date":"2021-10-28T12:06:11","date_gmt":"2021-10-28T10:06:11","guid":{"rendered":"https:\/\/aurenweb-stg.servidortemporal.net\/co\/blog\/calendario-tributario-para-el-ano-gravable-2022\/"},"modified":"2021-10-28T12:06:11","modified_gmt":"2021-10-28T10:06:11","slug":"calendario-tributario-para-el-ano-gravable-2022","status":"publish","type":"blog","link":"https:\/\/aurenweb-stg.servidortemporal.net\/co\/blog\/calendario-tributario-para-el-ano-gravable-2022\/","title":{"rendered":"Calendario tributario para el a\u00f1o gravable 2022"},"content":{"rendered":"<p>El Ministerio de Hacienda y Cr\u00e9dito P\u00fablico, encabezado por el ministro Jos\u00e9 Manuel Restrepo Abonando, public\u00f3 el 22 de octubre de 2021 el proyecto de norma que definir\u00e1 las condiciones de tiempo, modo y lugar para la presentaci\u00f3n de las declaraciones tributarias y el pago de los impuestos nacionales en el 2022. Adem\u00e1s de la expedici\u00f3n de las fechas en que los llamados a tributar deber\u00e1n cumplir con sus obligaciones, la norma tambi\u00e9n define quienes estar\u00e1n exentos de presentar declaraci\u00f3n del impuesto sobre la renta y complementarios para el a\u00f1o gravable 2021.<\/p>\n<p>Entre las personas que no est\u00e1n obligadas a declarar renta y complementarios est\u00e1n:<\/p>\n<ol type=\"1\">\n<li>Los asalariados que no sean responsables del impuesto a las ventas -IVA, cuyos ingresos brutos provengan por lo menos en un ochenta por ciento (80%) de pagos originados en una relaci\u00f3n laboral o legal y reglamentaria, y cumplan con las condiciones establecidas por la ley.<\/li>\n<li>Las personas naturales y sucesiones il\u00edquidas que no sean responsables del impuesto sobre las ventas -IVA, residentes en el pa\u00eds y cumplan los requisitos establecidos en la norma, y cumplan con las condiciones establecidas por la ley.<\/li>\n<li>Las personas naturales o jur\u00eddicas extranjeras, sin residencia o domicilio en el pa\u00eds, cuando la totalidad de sus ingresos hubieren estado sometidos a la retenci\u00f3n en la fuente de que tratan los art\u00edculos 407 a 409 del Estatuto Tributario y dicha retenci\u00f3n en la fuente les hubiere sido practicada, y cumplan con las condiciones establecidas por la ley.<\/li>\n<li>Las personas naturales o jur\u00eddicas que pertenezcan al r\u00e9gimen simple de tributaci\u00f3n, y cumplan con las condiciones establecidas por la ley.<\/li>\n<\/ol>\n<p>La norma contempla que la primera cuota del impuesto sobre la renta sea pagada por los contribuyentes entre el 8 de febrero de 2022 y el 21 de febrero de 2022, dependiendo del \u00faltimo d\u00edgito del NIT. La declaraci\u00f3n y el pago de la segunda cuota deber\u00e1 ser presentada y pagada por los contribuyentes entre el 13 de febrero de 2022 y el 22 de febrero de 2022 y el 7 de abril del 2021 y el 12 de abril del 2022 dependiendo del \u00faltimo d\u00edgito del NIT.<\/p>\n<p>Para el pago del impuesto sobre el consumo, los contribuyentes deber\u00e1n pagar este impuesto, seg\u00fan el \u00faltimo d\u00edgito del NIT, entre el 8 de marzo de 2022 y el 22 de marzo del 2022.<\/p>\n<p>Para el pago del mensual de la retenci\u00f3n en la fuente, los contribuyentes deber\u00e1n pagar este impuesto, seg\u00fan el ultimo digito del NIT, entre el 8 de febrero de 2022 y el 21 de febrero de 2022.<\/p>\n<p><a href=\"https:\/\/auren.com\/co\/blog\">Blog: Auren Colombia<\/a><\/p>\n<blockquote class=\"wp-block-quote\">\n<p>Fuente<\/p>\n<p><cite><a href=\"https:\/\/www.minhacienda.gov.co\/webcenter\/portal\/Minhacienda\">Ministerio de Hacienda y Cr\u00e9dito P\u00fablico<\/a><\/cite><\/p><\/blockquote>\n<p><!-- AddThis Advanced Settings generic via filter on the_content --><!-- AddThis Share Buttons generic via filter on the_content --><\/p>\n","protected":false},"excerpt":{"rendered":"<p>El Ministerio de Hacienda y Cr\u00e9dito P\u00fablico, encabezado por el ministro Jos\u00e9 Manuel Restrepo Abonando, public\u00f3 el 22 de octubre de 2021 el proyecto de norma que definir\u00e1 las condiciones [&hellip;]<\/p>\n","protected":false},"featured_media":8766,"template":"","meta":{"_acf_changed":false,"footnotes":""},"blog-category":[],"class_list":["post-8765","blog","type-blog","status-publish","has-post-thumbnail","hentry"],"acf":[],"_links":{"self":[{"href":"https:\/\/aurenweb-stg.servidortemporal.net\/co\/wp-json\/wp\/v2\/blog\/8765","targetHints":{"allow":["GET"]}}],"collection":[{"href":"https:\/\/aurenweb-stg.servidortemporal.net\/co\/wp-json\/wp\/v2\/blog"}],"about":[{"href":"https:\/\/aurenweb-stg.servidortemporal.net\/co\/wp-json\/wp\/v2\/types\/blog"}],"version-history":[{"count":0,"href":"https:\/\/aurenweb-stg.servidortemporal.net\/co\/wp-json\/wp\/v2\/blog\/8765\/revisions"}],"wp:featuredmedia":[{"embeddable":true,"href":"https:\/\/aurenweb-stg.servidortemporal.net\/co\/wp-json\/wp\/v2\/media\/8766"}],"wp:attachment":[{"href":"https:\/\/aurenweb-stg.servidortemporal.net\/co\/wp-json\/wp\/v2\/media?parent=8765"}],"wp:term":[{"taxonomy":"blog-category","embeddable":true,"href":"https:\/\/aurenweb-stg.servidortemporal.net\/co\/wp-json\/wp\/v2\/blog-category?post=8765"}],"curies":[{"name":"wp","href":"https:\/\/api.w.org\/{rel}","templated":true}]}}