{"id":8820,"date":"2021-10-06T08:52:12","date_gmt":"2021-10-06T06:52:12","guid":{"rendered":"https:\/\/aurenweb-stg.servidortemporal.net\/co\/blog\/adhesion-de-colombia-a-la-organizacion-internacional-del-cacao-icco\/"},"modified":"2021-10-06T08:52:12","modified_gmt":"2021-10-06T06:52:12","slug":"adhesion-de-colombia-a-la-organizacion-internacional-del-cacao-icco","status":"publish","type":"blog","link":"https:\/\/aurenweb-stg.servidortemporal.net\/co\/blog\/adhesion-de-colombia-a-la-organizacion-internacional-del-cacao-icco\/","title":{"rendered":"Adhesi\u00f3n de Colombia a la organizaci\u00f3n internacional del cacao (ICCO)"},"content":{"rendered":"<p>El Congreso de la Rep\u00fablica aprob\u00f3 el proyecto de Ley que confirma la adhesi\u00f3n de Colombia a la Organizaci\u00f3n Internacional del Cacao (ICCO), organizaci\u00f3n intergubernamental establecida en 1973 bajo el control de las Naciones Unidas y que opera bajo el marco de sucesivos acuerdos internacionales del cacao. A esta organizaci\u00f3n pertenecen 52 pa\u00edses entre productores y consumidores de cacao a nivel mundial.<\/p>\n<p>La vinculaci\u00f3n del pa\u00eds en esta organizaci\u00f3n beneficiar\u00eda a 52.000 familias colombianas que viven de la actividad cafetera, pues pertenecer a esta organizaci\u00f3n permite que la poblaci\u00f3n productora pueda beneficiarse de acuerdos internacionales que incrementan la producci\u00f3n y comercializaci\u00f3n del cacao colombiano.<\/p>\n<p>Otro de los beneficios que trae consigo la adhesi\u00f3n de Colombia a la ICCO es la implementaci\u00f3n de nuevos modelos de siembra que parten de la investigaci\u00f3n y la transferencia de tecnolog\u00edas entre los pa\u00edses que pertenecen a esta organizaci\u00f3n.<\/p>\n<p>Adicionalmente, se espera tener la posibilidad de obtener recursos econ\u00f3micos de cooperaci\u00f3n internacional mediante la participaci\u00f3n de proyectos; lograr un mejor nivel y mayor estabilidad en los precios recibidos por los cacaocultores, mediante la posibilidad que brinda la ICCO en el desarrollo de convenios internacionales; y continuar con la promoci\u00f3n de la calidad del cacao colombiano como uno de los mejores del mundo, entre otros temas.<\/p>\n<p>A la fecha de la aprobaci\u00f3n de la adhesi\u00f3n el Ministerio de Agricultura estimaba que la producci\u00f3n anual de cacao en Colombia era superior a 63.400 toneladas, que Santander es el principal departamento productor de cacao con una participaci\u00f3n del 41% y que durante los \u00faltimos 10 a\u00f1os se present\u00f3 un incremento tanto en la producci\u00f3n como en las exportaciones de un 70% y 384% respectivamente.<\/p>\n<blockquote class=\"wp-block-quote\">\n<p>Fuente<\/p>\n<p><cite><a href=\"https:\/\/www.minagricultura.gov.co\/paginas\/default.aspx\">Ministerio de Agricultura y Desarrollo Rural.<\/a><\/cite><\/p><\/blockquote>\n<p><!-- AddThis Advanced Settings generic via filter on the_content --><!-- AddThis Share Buttons generic via filter on the_content --><\/p>\n","protected":false},"excerpt":{"rendered":"<p>El Congreso de la Rep\u00fablica aprob\u00f3 el proyecto de Ley que confirma la adhesi\u00f3n de Colombia a la Organizaci\u00f3n Internacional del Cacao (ICCO), organizaci\u00f3n intergubernamental establecida en 1973 bajo el [&hellip;]<\/p>\n","protected":false},"featured_media":8821,"template":"","meta":{"_acf_changed":false,"footnotes":""},"blog-category":[],"class_list":["post-8820","blog","type-blog","status-publish","has-post-thumbnail","hentry"],"acf":[],"_links":{"self":[{"href":"https:\/\/aurenweb-stg.servidortemporal.net\/co\/wp-json\/wp\/v2\/blog\/8820","targetHints":{"allow":["GET"]}}],"collection":[{"href":"https:\/\/aurenweb-stg.servidortemporal.net\/co\/wp-json\/wp\/v2\/blog"}],"about":[{"href":"https:\/\/aurenweb-stg.servidortemporal.net\/co\/wp-json\/wp\/v2\/types\/blog"}],"version-history":[{"count":0,"href":"https:\/\/aurenweb-stg.servidortemporal.net\/co\/wp-json\/wp\/v2\/blog\/8820\/revisions"}],"wp:featuredmedia":[{"embeddable":true,"href":"https:\/\/aurenweb-stg.servidortemporal.net\/co\/wp-json\/wp\/v2\/media\/8821"}],"wp:attachment":[{"href":"https:\/\/aurenweb-stg.servidortemporal.net\/co\/wp-json\/wp\/v2\/media?parent=8820"}],"wp:term":[{"taxonomy":"blog-category","embeddable":true,"href":"https:\/\/aurenweb-stg.servidortemporal.net\/co\/wp-json\/wp\/v2\/blog-category?post=8820"}],"curies":[{"name":"wp","href":"https:\/\/api.w.org\/{rel}","templated":true}]}}