{"id":8880,"date":"2021-09-24T07:48:05","date_gmt":"2021-09-24T05:48:05","guid":{"rendered":"https:\/\/aurenweb-stg.servidortemporal.net\/co\/blog\/congreso-mantiene-vigente-el-ingreso-solidario-en-la-nueva-reforma-tributaria\/"},"modified":"2021-09-24T07:48:05","modified_gmt":"2021-09-24T05:48:05","slug":"congreso-mantiene-vigente-el-ingreso-solidario-en-la-nueva-reforma-tributaria","status":"publish","type":"blog","link":"https:\/\/aurenweb-stg.servidortemporal.net\/co\/blog\/congreso-mantiene-vigente-el-ingreso-solidario-en-la-nueva-reforma-tributaria\/","title":{"rendered":"Congreso mantiene vigente el ingreso solidario en la nueva reforma tributaria"},"content":{"rendered":"<p>El pasado 7 de septiembre de 2021, el Gobierno nacional en cabeza del presidente Iv\u00e1n Duque M\u00e1rquez, sancion\u00f3 la Ley 2155 de 2021 o mejor conocida como \u201cLey de inversi\u00f3n social\u201d, ley que busca modificar algunas disposiciones tributarias y fiscales para recaudar cerca de 15 billones de pesos y as\u00ed poder recuperar la inversi\u00f3n perdida por culpa de la pandemia y poder mantener los programas sociales que el gobierno a ofrecido a las personas con menos recursos.<\/p>\n<p>Uno de los apoyos m\u00e1s conocidos en este tiempo fue el ingreso solidario que es un apoyo econ\u00f3mico del Gobierno Nacional a hogares en condici\u00f3n de pobreza, pobreza extrema y en condici\u00f3n de vulnerabilidad econ\u00f3mica, cuyo fin es mitigar en esa poblaci\u00f3n los impactos derivados de la emergencia causada por el COVID-19.<\/p>\n<p>En un principio se ten\u00eda pensado que este ingreso seria de \u00edndole transitoria, pero el art\u00edculo 20 de la Ley de inversi\u00f3n social confirm\u00f3 su vigencia hasta diciembre del a\u00f1o de 2022 en los siguientes t\u00e9rminos:<\/p>\n<p><em>\u201cLa renta b\u00e1sica de emergencia otorgada mediante el Programa Ingreso Solidario a que hace referencia el Decreto Legislativo 518 de 2020, modificado por el Decreto Legislativo 812 de 2020, estar\u00e1 vigente hasta diciembre de 2022 en las mismas condiciones y t\u00e9rminos all\u00ed previstos, en especial las condiciones tarifarias y tributarias establecidas en los art\u00edculos 5 y 6 del Decreto Legislativo 518 de 2020, respectivamente, que se entender\u00e1n vigentes hasta dicha fecha\u2026\u201d<\/em><\/p>\n<p>El mismo art\u00edculo hace la salvedad que los recursos destinados a este proyecto dependen de la disponibilidad presupuestal que tenga el gobierno:<\/p>\n<p><em>Lo establecido en el presente art\u00edculo quedar\u00e1 sujeto a la disponibilidad presupuestal existente en cada vigencia fiscal.<\/em><\/p>\n<blockquote class=\"wp-block-quote\">\n<p>Fuente<\/p>\n<p><cite><a href=\"https:\/\/dapre.presidencia.gov.co\/normativa\/normativa\/LEY%202155%20DEL%2014%20DE%20SEPTIEMBRE%20DE%202021.pdf\">Ley de Inversi\u00f3n Social, Ley 2155 de 2021<\/a><\/cite><\/p><\/blockquote>\n<p><!-- AddThis Advanced Settings generic via filter on the_content --><!-- AddThis Share Buttons generic via filter on the_content --><\/p>\n","protected":false},"excerpt":{"rendered":"<p>El pasado 7 de septiembre de 2021, el Gobierno nacional en cabeza del presidente Iv\u00e1n Duque M\u00e1rquez, sancion\u00f3 la Ley 2155 de 2021 o mejor conocida como \u201cLey de inversi\u00f3n [&hellip;]<\/p>\n","protected":false},"featured_media":8881,"template":"","meta":{"_acf_changed":false,"footnotes":""},"blog-category":[],"class_list":["post-8880","blog","type-blog","status-publish","has-post-thumbnail","hentry"],"acf":[],"_links":{"self":[{"href":"https:\/\/aurenweb-stg.servidortemporal.net\/co\/wp-json\/wp\/v2\/blog\/8880","targetHints":{"allow":["GET"]}}],"collection":[{"href":"https:\/\/aurenweb-stg.servidortemporal.net\/co\/wp-json\/wp\/v2\/blog"}],"about":[{"href":"https:\/\/aurenweb-stg.servidortemporal.net\/co\/wp-json\/wp\/v2\/types\/blog"}],"version-history":[{"count":0,"href":"https:\/\/aurenweb-stg.servidortemporal.net\/co\/wp-json\/wp\/v2\/blog\/8880\/revisions"}],"wp:featuredmedia":[{"embeddable":true,"href":"https:\/\/aurenweb-stg.servidortemporal.net\/co\/wp-json\/wp\/v2\/media\/8881"}],"wp:attachment":[{"href":"https:\/\/aurenweb-stg.servidortemporal.net\/co\/wp-json\/wp\/v2\/media?parent=8880"}],"wp:term":[{"taxonomy":"blog-category","embeddable":true,"href":"https:\/\/aurenweb-stg.servidortemporal.net\/co\/wp-json\/wp\/v2\/blog-category?post=8880"}],"curies":[{"name":"wp","href":"https:\/\/api.w.org\/{rel}","templated":true}]}}