{"id":8907,"date":"2021-09-08T16:28:46","date_gmt":"2021-09-08T14:28:46","guid":{"rendered":"https:\/\/aurenweb-stg.servidortemporal.net\/co\/blog\/superintendencia-de-sociedades-reitero-que-prima-de-emision-de-acciones-no-aplica-en-la-venta-de-acciones-de-su-titular\/"},"modified":"2021-09-08T16:28:46","modified_gmt":"2021-09-08T14:28:46","slug":"superintendencia-de-sociedades-reitero-que-prima-de-emision-de-acciones-no-aplica-en-la-venta-de-acciones-de-su-titular","status":"publish","type":"blog","link":"https:\/\/aurenweb-stg.servidortemporal.net\/co\/blog\/superintendencia-de-sociedades-reitero-que-prima-de-emision-de-acciones-no-aplica-en-la-venta-de-acciones-de-su-titular\/","title":{"rendered":"Superintendencia de sociedades reiter\u00f3 que prima de emisi\u00f3n de acciones no aplica en la venta de acciones de su titular"},"content":{"rendered":"<p>El pasado 4 de agosto de 2021, la Superintendencia de Sociedades se pronunci\u00f3, mediante Concepto No. 220-103001, frente a la aplicabilidad de la prima de colocaci\u00f3n de acciones en la venta de acciones por parte de un titular.<\/p>\n<p>Frente a este punto, record\u00f3 en primera medida que, cuando se fija un valor superior al nominal para las acciones, la diferencia entre el precio nominal y el precio al que fueron ofrecidas corresponde a la prima de emisi\u00f3n de acciones, la cual halla fundamento en las ofertas de suscripci\u00f3n de acciones que se presentan en los t\u00e9rminos estipulados por la ley, los estatutos sociales y, adicionalmente, por el reglamento de suscripci\u00f3n.<\/p>\n<p>Al respecto, la Superintendencia de Sociedades afirm\u00f3 tajantemente que la prima de emisi\u00f3n de acciones solamente aplica cuando se est\u00e9n suscribiendo acciones de la sociedad y no de accionistas.<\/p>\n<p>Finalmente, la misma entidad apunt\u00f3 que la prima de emisi\u00f3n de colocaci\u00f3n de acciones tiene un origen en el contrato de suscripci\u00f3n de acciones, la cual se materializa cuando la sociedad en cuesti\u00f3n emite acciones y estas son adquiridas por terceros, quienes pagan un valor superior al fijado nominalmente.<\/p>\n<blockquote class=\"wp-block-quote\">\n<p>Fuente<\/p>\n<p><cite><a href=\"https:\/\/www.supersociedades.gov.co\/nuestra_entidad\/normatividad\/normatividad_conceptos_juridicos\/OFICIO_220-103001_DE_2021.pdf\">Concepto No. 220-103001 del 4 de agosto de 2021.<\/a><\/cite><\/p><\/blockquote>\n<p><!-- AddThis Advanced Settings generic via filter on the_content --><!-- AddThis Share Buttons generic via filter on the_content --><\/p>\n","protected":false},"excerpt":{"rendered":"<p>El pasado 4 de agosto de 2021, la Superintendencia de Sociedades se pronunci\u00f3, mediante Concepto No. 220-103001, frente a la aplicabilidad de la prima de colocaci\u00f3n de acciones en la [&hellip;]<\/p>\n","protected":false},"featured_media":8908,"template":"","meta":{"_acf_changed":false,"footnotes":""},"blog-category":[],"class_list":["post-8907","blog","type-blog","status-publish","has-post-thumbnail","hentry"],"acf":[],"_links":{"self":[{"href":"https:\/\/aurenweb-stg.servidortemporal.net\/co\/wp-json\/wp\/v2\/blog\/8907","targetHints":{"allow":["GET"]}}],"collection":[{"href":"https:\/\/aurenweb-stg.servidortemporal.net\/co\/wp-json\/wp\/v2\/blog"}],"about":[{"href":"https:\/\/aurenweb-stg.servidortemporal.net\/co\/wp-json\/wp\/v2\/types\/blog"}],"version-history":[{"count":0,"href":"https:\/\/aurenweb-stg.servidortemporal.net\/co\/wp-json\/wp\/v2\/blog\/8907\/revisions"}],"wp:featuredmedia":[{"embeddable":true,"href":"https:\/\/aurenweb-stg.servidortemporal.net\/co\/wp-json\/wp\/v2\/media\/8908"}],"wp:attachment":[{"href":"https:\/\/aurenweb-stg.servidortemporal.net\/co\/wp-json\/wp\/v2\/media?parent=8907"}],"wp:term":[{"taxonomy":"blog-category","embeddable":true,"href":"https:\/\/aurenweb-stg.servidortemporal.net\/co\/wp-json\/wp\/v2\/blog-category?post=8907"}],"curies":[{"name":"wp","href":"https:\/\/api.w.org\/{rel}","templated":true}]}}