{"id":8922,"date":"2021-09-08T13:58:32","date_gmt":"2021-09-08T11:58:32","guid":{"rendered":"https:\/\/aurenweb-stg.servidortemporal.net\/co\/blog\/responsabilidad-del-contador-publico-sobre-la-preparacion-y-presentacion-de-los-estados-financieros\/"},"modified":"2021-09-08T13:58:32","modified_gmt":"2021-09-08T11:58:32","slug":"responsabilidad-del-contador-publico-sobre-la-preparacion-y-presentacion-de-los-estados-financieros","status":"publish","type":"blog","link":"https:\/\/aurenweb-stg.servidortemporal.net\/co\/blog\/responsabilidad-del-contador-publico-sobre-la-preparacion-y-presentacion-de-los-estados-financieros\/","title":{"rendered":"Responsabilidad del contador p\u00fablico sobre la preparaci\u00f3n y presentaci\u00f3n de los estados financieros"},"content":{"rendered":"<p>El Consejo T\u00e9cnico de la Contadur\u00eda P\u00fablica por medio de Concepto 438 del pasado 27 de agosto de 2021, se pronunci\u00f3 acerca de la responsabilidad del contador p\u00fablico y de la administraci\u00f3n de la sociedad en la preparaci\u00f3n y presentaci\u00f3n de los estados financieros. Al respecto, la entidad se\u00f1alo que la responsabilidad sobre los estados financieros corresponde en conjunto a la administraci\u00f3n del ente social, y el contador p\u00fablico hace parte de este \u00f3rgano de la sociedad y, por lo tanto, no es viable que esta funci\u00f3n recaiga exclusivamente sobre el contador.<\/p>\n<p>Las obligaciones del Contador P\u00fablico depender\u00e1n del tipo de contrato celebrado entre este y su contratante, y pueden, seg\u00fan lo pactado, aumentar el grado normal de responsabilidad que le corresponder\u00eda al contador, a tal punto que las partes pueden atribuir como obligaci\u00f3n exclusiva del contador la preparaci\u00f3n y presentaci\u00f3n de los estados financieros.<\/p>\n<p>La anterior situaci\u00f3n, pese a que puede ser v\u00e1lida, no es deseable pues libera al resto de la administraci\u00f3n de la sociedad de una responsabilidad que naturalmente le corresponde, y recarga al contador de obligaciones en las que f\u00e1cilmente puede perder el control, arriesg\u00e1ndose a responder legalmente por cualquier anomal\u00eda en la informaci\u00f3n financiera de la entidad.<\/p>\n<p>El Consejo T\u00e9cnico de la Contadur\u00eda P\u00fablica recomienda consultar las normas sobre servicios relacionados, procedimientos acordados y compilaciones que contienen informaci\u00f3n sobre las obligaciones y derechos del contador p\u00fablico.<\/p>\n<blockquote class=\"wp-block-quote\">\n<p>Fuente<\/p>\n<p><cite><a href=\"https:\/\/www.ctcp.gov.co\/\">Consejo T\u00e9cnico de la Contadur\u00eda P\u00fablica, Concepto 438 27\/08\/21.<\/a><\/cite><\/p><\/blockquote>\n<p><!-- AddThis Advanced Settings generic via filter on the_content --><!-- AddThis Share Buttons generic via filter on the_content --><\/p>\n","protected":false},"excerpt":{"rendered":"<p>El Consejo T\u00e9cnico de la Contadur\u00eda P\u00fablica por medio de Concepto 438 del pasado 27 de agosto de 2021, se pronunci\u00f3 acerca de la responsabilidad del contador p\u00fablico y de [&hellip;]<\/p>\n","protected":false},"featured_media":8923,"template":"","meta":{"_acf_changed":false,"footnotes":""},"blog-category":[],"class_list":["post-8922","blog","type-blog","status-publish","has-post-thumbnail","hentry"],"acf":[],"_links":{"self":[{"href":"https:\/\/aurenweb-stg.servidortemporal.net\/co\/wp-json\/wp\/v2\/blog\/8922","targetHints":{"allow":["GET"]}}],"collection":[{"href":"https:\/\/aurenweb-stg.servidortemporal.net\/co\/wp-json\/wp\/v2\/blog"}],"about":[{"href":"https:\/\/aurenweb-stg.servidortemporal.net\/co\/wp-json\/wp\/v2\/types\/blog"}],"version-history":[{"count":0,"href":"https:\/\/aurenweb-stg.servidortemporal.net\/co\/wp-json\/wp\/v2\/blog\/8922\/revisions"}],"wp:featuredmedia":[{"embeddable":true,"href":"https:\/\/aurenweb-stg.servidortemporal.net\/co\/wp-json\/wp\/v2\/media\/8923"}],"wp:attachment":[{"href":"https:\/\/aurenweb-stg.servidortemporal.net\/co\/wp-json\/wp\/v2\/media?parent=8922"}],"wp:term":[{"taxonomy":"blog-category","embeddable":true,"href":"https:\/\/aurenweb-stg.servidortemporal.net\/co\/wp-json\/wp\/v2\/blog-category?post=8922"}],"curies":[{"name":"wp","href":"https:\/\/api.w.org\/{rel}","templated":true}]}}