{"id":8937,"date":"2021-09-01T09:08:28","date_gmt":"2021-09-01T07:08:28","guid":{"rendered":"https:\/\/aurenweb-stg.servidortemporal.net\/co\/blog\/gobierno-nacional-amplia-plazo-para-la-normalizacion-del-registro-inicial-de-vehiculos-de-carga\/"},"modified":"2021-09-01T09:08:28","modified_gmt":"2021-09-01T07:08:28","slug":"gobierno-nacional-amplia-plazo-para-la-normalizacion-del-registro-inicial-de-vehiculos-de-carga","status":"publish","type":"blog","link":"https:\/\/aurenweb-stg.servidortemporal.net\/co\/blog\/gobierno-nacional-amplia-plazo-para-la-normalizacion-del-registro-inicial-de-vehiculos-de-carga\/","title":{"rendered":"Gobierno nacional ampl\u00eda plazo para la normalizaci\u00f3n del registro inicial de veh\u00edculos de carga"},"content":{"rendered":"<p>El Gobierno Nacional, a trav\u00e9s del Ministerio de Transporte, profiri\u00f3 el Decreto 1009 de 26 de agosto de 2021, por medio del cual extendi\u00f3 por 18 meses adicionales el plazo para la normalizaci\u00f3n del registro inicial de veh\u00edculos de carga.<\/p>\n<p>Lo anterior, en la medida en que, si bien el plazo para comenzar el procedimiento de normalizaci\u00f3n del registro inicial de veh\u00edculos de carga finalizaba el 27 de agosto del a\u00f1o en curso, lo cierto es que la pandemia causada por el COVID-19 retras\u00f3 e impidi\u00f3 que los interesados pudieran disponer de dicho t\u00e9rmino adecuadamente. Al respecto, el Ministerio de Transporte se\u00f1al\u00f3 que el plazo adicional es un lapso razonable para que los transportadores que no han podido iniciar el procedimiento, lo hagan.<\/p>\n<p>Adicional a lo anterior, el Ministerio de Transporte adopt\u00f3 una medida en el sentido de permitir la actualizaci\u00f3n de los par\u00e1metros para que los transportadores cancelen un valor equivalente por concepto de cauci\u00f3n, con el objetivo de corregir y solucionar erroes en la matr\u00edcula de sus equipos. As\u00ed, se materializa la generaci\u00f3n de legalidad y transparencia para el sector transporte.<\/p>\n<blockquote class=\"wp-block-quote\">\n<p>Fuente<\/p>\n<p><cite><a href=\"https:\/\/www.funcionpublica.gov.co\/eva\/gestornormativo\/norma.php?i=169346\">Decreto 1009 del 26 de agosto de 2021<\/a><\/cite><\/p><\/blockquote>\n<p><!-- AddThis Advanced Settings generic via filter on the_content --><!-- AddThis Share Buttons generic via filter on the_content --><\/p>\n","protected":false},"excerpt":{"rendered":"<p>El Gobierno Nacional, a trav\u00e9s del Ministerio de Transporte, profiri\u00f3 el Decreto 1009 de 26 de agosto de 2021, por medio del cual extendi\u00f3 por 18 meses adicionales el plazo [&hellip;]<\/p>\n","protected":false},"featured_media":8938,"template":"","meta":{"_acf_changed":false,"footnotes":""},"blog-category":[],"class_list":["post-8937","blog","type-blog","status-publish","has-post-thumbnail","hentry"],"acf":[],"_links":{"self":[{"href":"https:\/\/aurenweb-stg.servidortemporal.net\/co\/wp-json\/wp\/v2\/blog\/8937","targetHints":{"allow":["GET"]}}],"collection":[{"href":"https:\/\/aurenweb-stg.servidortemporal.net\/co\/wp-json\/wp\/v2\/blog"}],"about":[{"href":"https:\/\/aurenweb-stg.servidortemporal.net\/co\/wp-json\/wp\/v2\/types\/blog"}],"version-history":[{"count":0,"href":"https:\/\/aurenweb-stg.servidortemporal.net\/co\/wp-json\/wp\/v2\/blog\/8937\/revisions"}],"wp:featuredmedia":[{"embeddable":true,"href":"https:\/\/aurenweb-stg.servidortemporal.net\/co\/wp-json\/wp\/v2\/media\/8938"}],"wp:attachment":[{"href":"https:\/\/aurenweb-stg.servidortemporal.net\/co\/wp-json\/wp\/v2\/media?parent=8937"}],"wp:term":[{"taxonomy":"blog-category","embeddable":true,"href":"https:\/\/aurenweb-stg.servidortemporal.net\/co\/wp-json\/wp\/v2\/blog-category?post=8937"}],"curies":[{"name":"wp","href":"https:\/\/api.w.org\/{rel}","templated":true}]}}