{"id":8982,"date":"2021-08-18T09:53:07","date_gmt":"2021-08-18T07:53:07","guid":{"rendered":"https:\/\/aurenweb-stg.servidortemporal.net\/co\/blog\/incentivos-para-la-creacion-de-micro-pequenas-y-medianas-empresas-lideradas-por-mujeres\/"},"modified":"2021-08-18T09:53:07","modified_gmt":"2021-08-18T07:53:07","slug":"incentivos-para-la-creacion-de-micro-pequenas-y-medianas-empresas-lideradas-por-mujeres","status":"publish","type":"blog","link":"https:\/\/aurenweb-stg.servidortemporal.net\/co\/blog\/incentivos-para-la-creacion-de-micro-pequenas-y-medianas-empresas-lideradas-por-mujeres\/","title":{"rendered":"Incentivos para la creaci\u00f3n de micro, peque\u00f1as y medianas empresas lideradas por mujeres."},"content":{"rendered":"<p>Recientemente, el Congreso de la Rep\u00fablica expidi\u00f3 la Ley 2125 del 2021, por medio de la cual se establecen incentivos para la creaci\u00f3n, formalizaci\u00f3n y fortalecimiento de las micro, peque\u00f1as y medianas empresas lideradas por mujeres y se dictan otras disposiciones, a fin de incrementar su capacidad productiva, participaci\u00f3n en el mercado, y exaltar su contribuci\u00f3n en el desarrollo econ\u00f3mico y social del pa\u00eds.<\/p>\n<p>Seg\u00fan el art\u00edculo 4 de dicha Ley, el Gobierno Nacional formular\u00e1, implementar\u00e1 y evaluar\u00e1 una pol\u00edtica p\u00fablica integral de fomento al emprendimiento liderado por mujeres y reglamentar\u00e1 en un plazo no mayor a un (1) a\u00f1o de entrada en vigor de la Ley <em>\u201cel aspecto procedimental de cada una de las etapas de esta pol\u00edtica p\u00fablica, y buscara la participaci\u00f3n de actores p\u00fablicos, privados, comunidades, organizaciones y grupos sociales en general que desarrollen actividades a favor de la mujer en el pa\u00eds<\/em>\u201d.<\/p>\n<p>El Gobierno har\u00e1 uso del Ministerio de Educaci\u00f3n y del SENA para la implementaci\u00f3n de estrategias que incentiven el desarrollo emprendedor de estudiantes de educaci\u00f3n superior del SENA, en los cuales se dar\u00e1 prioridad a los proyectos liderados por mujeres.<\/p>\n<p>La financiaci\u00f3n, inversi\u00f3n y asistencia t\u00e9cnica destinada a promover, financiar y apoyar el emprendimiento podr\u00e1 contar con los recursos de un patrimonio aut\u00f3nomo creado por el gobierno por medio del Decreto Legislativo No. 810 del 4 de junio de 2020. A su vez, las entidades estatales, que tengan dentro de sus funciones misionales el fomento al emprendimiento, y de acuerdo con su marco legal, podr\u00e1n destinar recursos de su presupuesto de inversi\u00f3n para la creaci\u00f3n y fortalecimiento de las micro, peque\u00f1as y medianas empresas lideradas por mujeres.<\/p>\n<blockquote class=\"wp-block-quote\">\n<p>Fuente<\/p>\n<p><cite><a href=\"https:\/\/dapre.presidencia.gov.co\/normativa\/normativa\/LEY%202125%20DEL%204%20DE%20AGOSTO%20DE%202021.pdf\">Ley 2125 del 2021.<\/a><\/cite><\/p><\/blockquote>\n<p><!-- AddThis Advanced Settings generic via filter on the_content --><!-- AddThis Share Buttons generic via filter on the_content --><\/p>\n","protected":false},"excerpt":{"rendered":"<p>Recientemente, el Congreso de la Rep\u00fablica expidi\u00f3 la Ley 2125 del 2021, por medio de la cual se establecen incentivos para la creaci\u00f3n, formalizaci\u00f3n y fortalecimiento de las micro, peque\u00f1as [&hellip;]<\/p>\n","protected":false},"featured_media":8983,"template":"","meta":{"_acf_changed":false,"footnotes":""},"blog-category":[],"class_list":["post-8982","blog","type-blog","status-publish","has-post-thumbnail","hentry"],"acf":[],"_links":{"self":[{"href":"https:\/\/aurenweb-stg.servidortemporal.net\/co\/wp-json\/wp\/v2\/blog\/8982","targetHints":{"allow":["GET"]}}],"collection":[{"href":"https:\/\/aurenweb-stg.servidortemporal.net\/co\/wp-json\/wp\/v2\/blog"}],"about":[{"href":"https:\/\/aurenweb-stg.servidortemporal.net\/co\/wp-json\/wp\/v2\/types\/blog"}],"version-history":[{"count":0,"href":"https:\/\/aurenweb-stg.servidortemporal.net\/co\/wp-json\/wp\/v2\/blog\/8982\/revisions"}],"wp:featuredmedia":[{"embeddable":true,"href":"https:\/\/aurenweb-stg.servidortemporal.net\/co\/wp-json\/wp\/v2\/media\/8983"}],"wp:attachment":[{"href":"https:\/\/aurenweb-stg.servidortemporal.net\/co\/wp-json\/wp\/v2\/media?parent=8982"}],"wp:term":[{"taxonomy":"blog-category","embeddable":true,"href":"https:\/\/aurenweb-stg.servidortemporal.net\/co\/wp-json\/wp\/v2\/blog-category?post=8982"}],"curies":[{"name":"wp","href":"https:\/\/api.w.org\/{rel}","templated":true}]}}