{"id":4105,"date":"2024-03-26T10:22:02","date_gmt":"2024-03-26T09:22:02","guid":{"rendered":"https:\/\/auren.com\/de\/blog\/entscheidung-zum-wachstumschancengesetz\/"},"modified":"2025-03-19T08:26:20","modified_gmt":"2025-03-19T07:26:20","slug":"entscheidung-zum-wachstumschancengesetz","status":"publish","type":"blog","link":"https:\/\/aurenweb-stg.servidortemporal.net\/de\/blog\/entscheidung-zum-wachstumschancengesetz\/","title":{"rendered":"Entscheidung zum Wachstumschancengesetz"},"content":{"rendered":"<p><em><strong>Birgit Ennemoser<\/strong> (<a href=\"mailto:birgit.ennemoser@auren.de\"><mark class=\"has-inline-color has-vivid-cyan-blue-color\" style=\"background-color: rgba(0, 0, 0, 0);\">birgit.ennemoser@auren.de<\/mark><\/a>), Gesch\u00e4ftsf\u00fchrerin Personal Services<\/em><\/p>\n<div class=\"wp-block-spacer\" style=\"height: 26px;\" aria-hidden=\"true\"><\/div>\n<p>Der Bundesrat hat in seiner Sitzung am 22. M\u00e4rz 2024 dem Wachstumschancengesetz zugestimmt und damit einen Kompromissvorschlag des Vermittlungsausschusses von Bundestag und Bundesrat vom 21. Februar 2024 best\u00e4tigt.<\/p>\n<p>Das Wachstumschancengesetz war 17. November 2023 vom Bundestag verabschiedet worden. Am 24. November 2023 hatte der Bundesrat zu dem Gesetz den Vermittlungsausschuss angerufen. Nachdem Bundestag und Bundesrat dem \u00c4nderungsvorschlag des Vermittlungsausschusses nun zugestimmt haben, kann es nach Ausfertigung und Verk\u00fcndung in Kraft treten.<\/p>\n<p>Bereits im Dezember 2023 wurden Bestandteile aus dem Wachstumschancengesetz herausgel\u00f6st und in das inzwischen bereits verk\u00fcndete Kreditzweitmarktf\u00f6rderungsgesetz aufgenommen. Folgende Bestandteile wurden damit am 22. M\u00e4rz 2024 im Bereich Lohnsteuer\/Einkommensteuer final verabschiedet:<\/p>\n<h2 class=\"wp-block-heading\">Sonderregelung der privaten Nutzung von Elektrofahrzeugen, \u00a7 6 Abs. 1 Nr. 4 Satz 2 Nr. 3, 5 EStG<\/h2>\n<p>Nach \u00a7 6 Abs. 1 Nr. 4 Satz 2 Nr. 3 EStG (1 %-Regelung) ist bei der privaten Nutzung eines betrieblichen Kraftfahrzeugs, das keine CO2-Emissionen hat (reine Elektrofahrzeuge, inkl. Brennstoffzellenfahrzeuge) nur ein Viertel der Bemessungsgrundlage (Bruttolistenpreis) und nach \u00a7 6 Abs. 1 Nr. 4 Satz 3 Nr. 3 EStG (Fahrtenbuchregelung) nur ein Viertel der Anschaffungskosten oder vergleichbarer Aufwendungen anzusetzen. Dies gilt bislang jedoch nur, wenn der Bruttolistenpreis des Kraftfahrzeugs nicht mehr als 60.000 EUR betr\u00e4gt. Der bestehende H\u00f6chstbetrag wird auf 70.000 EUR angehoben. Dies gilt entsprechend bei der \u00dcberlassung eines betrieblichen Kraftfahrzeugs an Arbeitnehmer (\u00a7 8 Abs. 2 Satz 2, 3 und 5 EStG).<\/p>\n<p>Die alternative Reichweitengrenze von 80 km bei Hybridfahrzeugen wurde doch nicht gestrichen (\u00a7 6 Abs. 1 Nr. 4 Satz 2 Nr. 5 und Satz 3 Nr. 5 EStG), es blieb also auch ab dem 01.01.2025 bei der Einhaltung der Reichweitenvorschrift zus\u00e4tzlich f\u00fcr Hybridfahrzeuge.<\/p>\n<p>Gilt f\u00fcr Elektro-Pkw, die nach dem 31.12.2023 angeschafft werden.<\/p>\n<h2 class=\"wp-block-heading\">F\u00fcnftelungsregelung bei der Lohnsteuer, \u00a7 39b Abs. 3 Satz 9 und 10 EStG<\/h2>\n<p>Derzeit kann die Tariferm\u00e4\u00dfigung des \u00a7 34 Abs. 1 EStG f\u00fcr bestimmte Arbeitsl\u00f6hne (Entsch\u00e4digungen, Verg\u00fctungen f\u00fcr mehrj\u00e4hrige T\u00e4tigkeiten) bereits bei der Berechnung der Lohnsteuer ber\u00fccksichtigt werden. Da dieses Verfahren aufgrund des zweistufigen Pr\u00fcfprozesses h\u00e4ufig fehlerbelastet war, wird es gestrichen. Die Tariferm\u00e4\u00dfigung k\u00f6nnen Arbeitnehmer aber im Rahmen der Einkommensteuer geltend machen.<\/p>\n<p>Gilt erstmals ab dem 01.01.2025.<\/p>\n<h2 class=\"wp-block-heading\">Beitr\u00e4ge f\u00fcr eine Gruppenunfallversicherung, \u00a7 40b Abs. 3 EStG<\/h2>\n<p>Arbeitgeber k\u00f6nnen die Beitr\u00e4ge f\u00fcr eine Gruppenunfallversicherung mit einem Pauschsteuersatz von 20 Prozent erheben, wenn der steuerliche Durchschnittsbetrag ohne Versicherungssteuer 100 EUR im Kalenderjahr nicht \u00fcbersteigt. Dieser Grenzbetrag wird aufgehoben.<\/p>\n<p>Gilt ab dem 01.01.2024.<\/p>\n<h2 class=\"wp-block-heading\">Pauschbetrag f\u00fcr Berufskraftfahrer, \u00a7 9 Abs. 1 Satz 3 Nr. 5b Satz 2 EStG<\/h2>\n<p>Der Pauschbetrag f\u00fcr Berufskraftfahrer, die im Fahrzeug \u00fcbernachten, wird von 8 EUR auf 9 EUR angehoben.<\/p>\n<p>Gilt ab dem 01.01.2024.<\/p>\n<h2 class=\"wp-block-heading\">Abfindung einer Kleinbetragsrente, \u00a7 10 Abs. 1 Nr. 2 Satz 3 EStG<\/h2>\n<p>Auch w\u00e4hrend der Auszahlungsphase wird die Abfindung einer Kleinbetragsrente m\u00f6glich sein, wenn die bisherige Rente aufgrund der Durchf\u00fchrung des Versorgungsausgleichs den Wert einer Kleinbetragsrente erreicht oder diesen Wert unterschreitet.<\/p>\n<h2 class=\"wp-block-heading\">Versorgungsfreibetrag, \u00a7 19 Abs. 2 Satz 3 EStG<\/h2>\n<p>Nach \u00a7 19 Abs. 2 EStG bleibt von Versorgungsbez\u00fcgen ein nach einem Prozentsatz ermittelter und auf einen H\u00f6chstbetrag begrenzter Versorgungsfreibetrag sowie ein Zuschlag zum Versorgungsfreibetrag (Freibetr\u00e4ge f\u00fcr Versorgungsbez\u00fcge) steuerfrei. Beginnend mit dem Jahr 2023 wird der anzuwendende Prozentwert zur Bemessung des Versorgungsfreibetrages nur noch in j\u00e4hrlichen Schritten von 0,4 Prozentpunkten verringert. Der H\u00f6chstbetrag sinkt ab dem Jahr 2023 um j\u00e4hrlich 30 EUR und der Zuschlag zum Versorgungsfreibetrag um j\u00e4hrlich 9 EUR.<\/p>\n<p>Gilt r\u00fcckwirkend ab 01.01.2023, das Jahr 2023 wird \u00fcber die Einkommenssteuerkl\u00e4rung korrigiert.<\/p>\n<h2 class=\"wp-block-heading\">Rentenbesteuerung, \u00a7 22 Nr. 1 Satz 3 EStG<\/h2>\n<p>Ab dem Jahr 2023 wird der Anstieg des Besteuerungsanteils f\u00fcr jeden neuen Renteneintrittsjahrgang auf einen halben Prozentpunkt j\u00e4hrlich reduziert.<\/p>\n<p>Gilt ab dem 01.01.2023, das Jahr 2023 wird \u00fcber die Einkommensteuererkl\u00e4rung korrigiert.<\/p>\n<h2 class=\"wp-block-heading\">Altersentlastungsbetrag, \u00a7 24a Satz 5 EStG<\/h2>\n<p>Der verlangsamte Anstieg des Besteuerungsanteils wird im Bereich des Altersentlastungsbetrags nachvollzogen. Mit der Anpassung wird ab dem Jahr 2023 der anzuwendende Prozentsatz mit 0,4 Prozentpunkten verringert. Der H\u00f6chstbetrag sinkt beginnend mit dem Jahr 2023 um j\u00e4hrlich 19 EUR anstatt bisher 38 EUR.<\/p>\n<p>Gilt ab dem 01.01.2023.<\/p>\n<h2 class=\"wp-block-heading\">Geschenke, \u00a7 4 Abs. 5 Satz 1 Nr. 1 Satz 2 EStG<\/h2>\n<p>Aufwendungen f\u00fcr Geschenke an Personen, die nicht Arbeitnehmer des Steuerpflichtigen sind, d\u00fcrfen den Gewinn bisher nicht mindern, wenn die Anschaffungs- oder Herstellungskosten der dem Empf\u00e4nger im Wirtschaftsjahr zugewendeten Gegenst\u00e4nde insgesamt 35 EUR nicht \u00fcbersteigen. Dieser Betrag wird auf 50 EUR angehoben.<\/p>\n<p>Gilt erstmals ab dem 01.01.2024.<\/p>\n<div class=\"wp-block-buttons is-layout-flex\">\n<div class=\"wp-block-button\"><a class=\"wp-block-button__link has-vivid-red-background-color has-background wp-element-button\" href=\"\/?page_id=2155\" target=\"_blank\" rel=\"noreferrer noopener\">Kontaktieren Sie uns<\/a><\/div>\n<\/div>\n<p><!-- AddThis Advanced Settings generic via filter on the_content --><!-- AddThis Share Buttons generic via filter on the_content --><\/p>\n","protected":false},"excerpt":{"rendered":"<p>Der Bundesrat stimmt dem Wachstumschancengesetz zu. Mehr zu den \u00c4nderungen .<\/p>\n","protected":false},"featured_media":4106,"template":"","meta":{"_acf_changed":false,"footnotes":""},"blog-category":[],"class_list":["post-4105","blog","type-blog","status-publish","has-post-thumbnail","hentry"],"acf":[],"yoast_head":"<!-- This site is optimized with the Yoast SEO plugin v24.3 - https:\/\/yoast.com\/wordpress\/plugins\/seo\/ -->\n<title>Entscheidung zum Wachstumschancengesetz<\/title>\n<meta name=\"description\" content=\"Bundesrat stimmt dem Wachstumschancengesetz zu | \u00c4nderungen im Bereich der Lohn- und Einkommensteuer | Weitere Informationen\" \/>\n<meta name=\"robots\" content=\"noindex, follow, max-snippet:-1, max-image-preview:large, max-video-preview:-1\" \/>\n<meta property=\"og:locale\" content=\"de_DE\" \/>\n<meta property=\"og:type\" content=\"article\" \/>\n<meta property=\"og:title\" content=\"Entscheidung zum Wachstumschancengesetz\" \/>\n<meta property=\"og:description\" content=\"Bundesrat stimmt dem Wachstumschancengesetz zu | \u00c4nderungen im Bereich der Lohn- und Einkommensteuer | Weitere Informationen\" \/>\n<meta property=\"og:url\" content=\"https:\/\/aurenweb-stg.servidortemporal.net\/de\/blog\/entscheidung-zum-wachstumschancengesetz\/\" \/>\n<meta property=\"og:site_name\" content=\"Auren Germany\" \/>\n<meta property=\"article:publisher\" content=\"https:\/\/www.facebook.com\/aurendeutschland\" \/>\n<meta property=\"article:modified_time\" content=\"2025-03-19T07:26:20+00:00\" \/>\n<meta property=\"og:image\" content=\"https:\/\/aurenweb-stg.servidortemporal.net\/de\/wp-content\/uploads\/2024\/03\/Abschluss-Wachstumschancengesetz.jpg\" \/>\n\t<meta property=\"og:image:width\" content=\"1200\" \/>\n\t<meta property=\"og:image:height\" content=\"1000\" \/>\n\t<meta property=\"og:image:type\" content=\"image\/jpeg\" \/>\n<meta name=\"twitter:card\" content=\"summary_large_image\" \/>\n<meta name=\"twitter:label1\" content=\"Gesch\u00e4tzte Lesezeit\" \/>\n\t<meta name=\"twitter:data1\" content=\"5\u00a0Minuten\" \/>\n<script type=\"application\/ld+json\" class=\"yoast-schema-graph\">{\"@context\":\"https:\/\/schema.org\",\"@graph\":[{\"@type\":\"WebPage\",\"@id\":\"https:\/\/aurenweb-stg.servidortemporal.net\/de\/blog\/entscheidung-zum-wachstumschancengesetz\/\",\"url\":\"https:\/\/aurenweb-stg.servidortemporal.net\/de\/blog\/entscheidung-zum-wachstumschancengesetz\/\",\"name\":\"Entscheidung zum Wachstumschancengesetz\",\"isPartOf\":{\"@id\":\"https:\/\/aurenweb-stg.servidortemporal.net\/de\/#website\"},\"primaryImageOfPage\":{\"@id\":\"https:\/\/aurenweb-stg.servidortemporal.net\/de\/blog\/entscheidung-zum-wachstumschancengesetz\/#primaryimage\"},\"image\":{\"@id\":\"https:\/\/aurenweb-stg.servidortemporal.net\/de\/blog\/entscheidung-zum-wachstumschancengesetz\/#primaryimage\"},\"thumbnailUrl\":\"https:\/\/aurenweb-stg.servidortemporal.net\/de\/wp-content\/uploads\/2024\/03\/Abschluss-Wachstumschancengesetz.jpg\",\"datePublished\":\"2024-03-26T09:22:02+00:00\",\"dateModified\":\"2025-03-19T07:26:20+00:00\",\"description\":\"Bundesrat stimmt dem Wachstumschancengesetz zu | \u00c4nderungen im Bereich der Lohn- und Einkommensteuer | Weitere Informationen\",\"breadcrumb\":{\"@id\":\"https:\/\/aurenweb-stg.servidortemporal.net\/de\/blog\/entscheidung-zum-wachstumschancengesetz\/#breadcrumb\"},\"inLanguage\":\"de\",\"potentialAction\":[{\"@type\":\"ReadAction\",\"target\":[\"https:\/\/aurenweb-stg.servidortemporal.net\/de\/blog\/entscheidung-zum-wachstumschancengesetz\/\"]}]},{\"@type\":\"ImageObject\",\"inLanguage\":\"de\",\"@id\":\"https:\/\/aurenweb-stg.servidortemporal.net\/de\/blog\/entscheidung-zum-wachstumschancengesetz\/#primaryimage\",\"url\":\"https:\/\/aurenweb-stg.servidortemporal.net\/de\/wp-content\/uploads\/2024\/03\/Abschluss-Wachstumschancengesetz.jpg\",\"contentUrl\":\"https:\/\/aurenweb-stg.servidortemporal.net\/de\/wp-content\/uploads\/2024\/03\/Abschluss-Wachstumschancengesetz.jpg\",\"width\":1200,\"height\":1000},{\"@type\":\"BreadcrumbList\",\"@id\":\"https:\/\/aurenweb-stg.servidortemporal.net\/de\/blog\/entscheidung-zum-wachstumschancengesetz\/#breadcrumb\",\"itemListElement\":[{\"@type\":\"ListItem\",\"position\":1,\"name\":\"Home\",\"item\":\"https:\/\/aurenweb-stg.servidortemporal.net\/de\/\"},{\"@type\":\"ListItem\",\"position\":2,\"name\":\"Entscheidung zum Wachstumschancengesetz\"}]},{\"@type\":\"WebSite\",\"@id\":\"https:\/\/aurenweb-stg.servidortemporal.net\/de\/#website\",\"url\":\"https:\/\/aurenweb-stg.servidortemporal.net\/de\/\",\"name\":\"Auren\",\"description\":\"\",\"publisher\":{\"@id\":\"https:\/\/aurenweb-stg.servidortemporal.net\/de\/#organization\"},\"alternateName\":\"Auren\",\"potentialAction\":[{\"@type\":\"SearchAction\",\"target\":{\"@type\":\"EntryPoint\",\"urlTemplate\":\"https:\/\/aurenweb-stg.servidortemporal.net\/de\/?s={search_term_string}\"},\"query-input\":{\"@type\":\"PropertyValueSpecification\",\"valueRequired\":true,\"valueName\":\"search_term_string\"}}],\"inLanguage\":\"de\"},{\"@type\":\"Organization\",\"@id\":\"https:\/\/aurenweb-stg.servidortemporal.net\/de\/#organization\",\"name\":\"Auren Deutschland\",\"url\":\"https:\/\/aurenweb-stg.servidortemporal.net\/de\/\",\"logo\":{\"@type\":\"ImageObject\",\"inLanguage\":\"de\",\"@id\":\"https:\/\/aurenweb-stg.servidortemporal.net\/de\/#\/schema\/logo\/image\/\",\"url\":\"https:\/\/aurenweb-stg.servidortemporal.net\/de\/wp-content\/uploads\/2025\/01\/cropped-cropped-favicon-Auren.png\",\"contentUrl\":\"https:\/\/aurenweb-stg.servidortemporal.net\/de\/wp-content\/uploads\/2025\/01\/cropped-cropped-favicon-Auren.png\",\"width\":512,\"height\":512,\"caption\":\"Auren Deutschland\"},\"image\":{\"@id\":\"https:\/\/aurenweb-stg.servidortemporal.net\/de\/#\/schema\/logo\/image\/\"},\"sameAs\":[\"https:\/\/www.facebook.com\/aurendeutschland\",\"https:\/\/de.linkedin.com\/organization-guest\/company\/auren-deutschland\",\"https:\/\/www.youtube.com\/@aurendeutschland\",\"https:\/\/www.instagram.com\/aurendeutschland\/\"]}]}<\/script>\n<!-- \/ Yoast SEO plugin. -->","yoast_head_json":{"title":"Entscheidung zum Wachstumschancengesetz","description":"Bundesrat stimmt dem Wachstumschancengesetz zu | \u00c4nderungen im Bereich der Lohn- und Einkommensteuer | Weitere Informationen","robots":{"index":"noindex","follow":"follow","max-snippet":"max-snippet:-1","max-image-preview":"max-image-preview:large","max-video-preview":"max-video-preview:-1"},"og_locale":"de_DE","og_type":"article","og_title":"Entscheidung zum Wachstumschancengesetz","og_description":"Bundesrat stimmt dem Wachstumschancengesetz zu | \u00c4nderungen im Bereich der Lohn- und Einkommensteuer | Weitere Informationen","og_url":"https:\/\/aurenweb-stg.servidortemporal.net\/de\/blog\/entscheidung-zum-wachstumschancengesetz\/","og_site_name":"Auren Germany","article_publisher":"https:\/\/www.facebook.com\/aurendeutschland","article_modified_time":"2025-03-19T07:26:20+00:00","og_image":[{"width":1200,"height":1000,"url":"https:\/\/aurenweb-stg.servidortemporal.net\/de\/wp-content\/uploads\/2024\/03\/Abschluss-Wachstumschancengesetz.jpg","type":"image\/jpeg"}],"twitter_card":"summary_large_image","twitter_misc":{"Gesch\u00e4tzte Lesezeit":"5\u00a0Minuten"},"schema":{"@context":"https:\/\/schema.org","@graph":[{"@type":"WebPage","@id":"https:\/\/aurenweb-stg.servidortemporal.net\/de\/blog\/entscheidung-zum-wachstumschancengesetz\/","url":"https:\/\/aurenweb-stg.servidortemporal.net\/de\/blog\/entscheidung-zum-wachstumschancengesetz\/","name":"Entscheidung zum Wachstumschancengesetz","isPartOf":{"@id":"https:\/\/aurenweb-stg.servidortemporal.net\/de\/#website"},"primaryImageOfPage":{"@id":"https:\/\/aurenweb-stg.servidortemporal.net\/de\/blog\/entscheidung-zum-wachstumschancengesetz\/#primaryimage"},"image":{"@id":"https:\/\/aurenweb-stg.servidortemporal.net\/de\/blog\/entscheidung-zum-wachstumschancengesetz\/#primaryimage"},"thumbnailUrl":"https:\/\/aurenweb-stg.servidortemporal.net\/de\/wp-content\/uploads\/2024\/03\/Abschluss-Wachstumschancengesetz.jpg","datePublished":"2024-03-26T09:22:02+00:00","dateModified":"2025-03-19T07:26:20+00:00","description":"Bundesrat stimmt dem Wachstumschancengesetz zu | \u00c4nderungen im Bereich der Lohn- und Einkommensteuer | Weitere Informationen","breadcrumb":{"@id":"https:\/\/aurenweb-stg.servidortemporal.net\/de\/blog\/entscheidung-zum-wachstumschancengesetz\/#breadcrumb"},"inLanguage":"de","potentialAction":[{"@type":"ReadAction","target":["https:\/\/aurenweb-stg.servidortemporal.net\/de\/blog\/entscheidung-zum-wachstumschancengesetz\/"]}]},{"@type":"ImageObject","inLanguage":"de","@id":"https:\/\/aurenweb-stg.servidortemporal.net\/de\/blog\/entscheidung-zum-wachstumschancengesetz\/#primaryimage","url":"https:\/\/aurenweb-stg.servidortemporal.net\/de\/wp-content\/uploads\/2024\/03\/Abschluss-Wachstumschancengesetz.jpg","contentUrl":"https:\/\/aurenweb-stg.servidortemporal.net\/de\/wp-content\/uploads\/2024\/03\/Abschluss-Wachstumschancengesetz.jpg","width":1200,"height":1000},{"@type":"BreadcrumbList","@id":"https:\/\/aurenweb-stg.servidortemporal.net\/de\/blog\/entscheidung-zum-wachstumschancengesetz\/#breadcrumb","itemListElement":[{"@type":"ListItem","position":1,"name":"Home","item":"https:\/\/aurenweb-stg.servidortemporal.net\/de\/"},{"@type":"ListItem","position":2,"name":"Entscheidung zum Wachstumschancengesetz"}]},{"@type":"WebSite","@id":"https:\/\/aurenweb-stg.servidortemporal.net\/de\/#website","url":"https:\/\/aurenweb-stg.servidortemporal.net\/de\/","name":"Auren","description":"","publisher":{"@id":"https:\/\/aurenweb-stg.servidortemporal.net\/de\/#organization"},"alternateName":"Auren","potentialAction":[{"@type":"SearchAction","target":{"@type":"EntryPoint","urlTemplate":"https:\/\/aurenweb-stg.servidortemporal.net\/de\/?s={search_term_string}"},"query-input":{"@type":"PropertyValueSpecification","valueRequired":true,"valueName":"search_term_string"}}],"inLanguage":"de"},{"@type":"Organization","@id":"https:\/\/aurenweb-stg.servidortemporal.net\/de\/#organization","name":"Auren Deutschland","url":"https:\/\/aurenweb-stg.servidortemporal.net\/de\/","logo":{"@type":"ImageObject","inLanguage":"de","@id":"https:\/\/aurenweb-stg.servidortemporal.net\/de\/#\/schema\/logo\/image\/","url":"https:\/\/aurenweb-stg.servidortemporal.net\/de\/wp-content\/uploads\/2025\/01\/cropped-cropped-favicon-Auren.png","contentUrl":"https:\/\/aurenweb-stg.servidortemporal.net\/de\/wp-content\/uploads\/2025\/01\/cropped-cropped-favicon-Auren.png","width":512,"height":512,"caption":"Auren Deutschland"},"image":{"@id":"https:\/\/aurenweb-stg.servidortemporal.net\/de\/#\/schema\/logo\/image\/"},"sameAs":["https:\/\/www.facebook.com\/aurendeutschland","https:\/\/de.linkedin.com\/organization-guest\/company\/auren-deutschland","https:\/\/www.youtube.com\/@aurendeutschland","https:\/\/www.instagram.com\/aurendeutschland\/"]}]}},"_links":{"self":[{"href":"https:\/\/aurenweb-stg.servidortemporal.net\/de\/wp-json\/wp\/v2\/blog\/4105","targetHints":{"allow":["GET"]}}],"collection":[{"href":"https:\/\/aurenweb-stg.servidortemporal.net\/de\/wp-json\/wp\/v2\/blog"}],"about":[{"href":"https:\/\/aurenweb-stg.servidortemporal.net\/de\/wp-json\/wp\/v2\/types\/blog"}],"version-history":[{"count":2,"href":"https:\/\/aurenweb-stg.servidortemporal.net\/de\/wp-json\/wp\/v2\/blog\/4105\/revisions"}],"predecessor-version":[{"id":103765,"href":"https:\/\/aurenweb-stg.servidortemporal.net\/de\/wp-json\/wp\/v2\/blog\/4105\/revisions\/103765"}],"wp:featuredmedia":[{"embeddable":true,"href":"https:\/\/aurenweb-stg.servidortemporal.net\/de\/wp-json\/wp\/v2\/media\/4106"}],"wp:attachment":[{"href":"https:\/\/aurenweb-stg.servidortemporal.net\/de\/wp-json\/wp\/v2\/media?parent=4105"}],"wp:term":[{"taxonomy":"blog-category","embeddable":true,"href":"https:\/\/aurenweb-stg.servidortemporal.net\/de\/wp-json\/wp\/v2\/blog-category?post=4105"}],"curies":[{"name":"wp","href":"https:\/\/api.w.org\/{rel}","templated":true}]}}