{"id":4108,"date":"2024-03-04T11:00:00","date_gmt":"2024-03-04T10:00:00","guid":{"rendered":"https:\/\/auren.com\/de\/blog\/keine-steuerbefreiung-fuer-den-verkauf-von-gartengrundstuecken\/"},"modified":"2025-03-19T08:26:07","modified_gmt":"2025-03-19T07:26:07","slug":"keine-steuerbefreiung-fuer-den-verkauf-von-gartengrundstuecken","status":"publish","type":"blog","link":"https:\/\/aurenweb-stg.servidortemporal.net\/de\/blog\/keine-steuerbefreiung-fuer-den-verkauf-von-gartengrundstuecken\/","title":{"rendered":"Keine Steuerbefreiung f\u00fcr den Verkauf von Gartengrundst\u00fccken"},"content":{"rendered":"<p>In einer Entscheidung des Bundesfinanzhofs (BFH) v. 26.09.2023 wurde klargestellt, dass der Verkauf eines vom Wohngrundst\u00fcck abgetrennten Gartengrundst\u00fccks nicht von der Einkommensteuer befreit ist.<\/p>\n<p>Gewinne aus privatem Verkauf von Grundst\u00fccken, grundst\u00fccksgleichen Rechten \u2013 wie das Erbbaurecht sind grunds\u00e4tzlich steuerpflichtig, wenn zwischen Kauf und Verkauf weniger als zehn Jahre liegen. Eine Ausnahme von dieser Regel besteht, wenn die ver\u00e4u\u00dferte Immobilie vom Eigent\u00fcmer selbst zu Wohnzwecken genutzt wurde.<\/p>\n<p>In dem verhandelten Fall hatten die Eigent\u00fcmer ein gro\u00dfes Grundst\u00fcck erworben, auf dem sich ein altes Bauernhaus befand. Das Haus diente als Wohnhaus, w\u00e4hrend das umliegende Land als Garten genutzt wurde. Nach einiger Zeit entschieden sich die Eigent\u00fcmer, das Grundst\u00fcck zu teilen und einen Teil des Gartens zu verkaufen. Sie gingen davon aus, dass der Gewinn aus diesem Verkauf steuerfrei w\u00e4re, da das Grundst\u00fcck mit dem gesamten Garten zuvor zu eigenen Wohnzwecken genutzt wurde.<\/p>\n<p>Der BFH widersprach dieser Annahme.<strong> Laut Gericht ist eine Steuerbefreiung nur dann m\u00f6glich, wenn die ver\u00e4u\u00dferte Immobilie selbst bewohnt wurde<\/strong>. Ein unbebautes Grundst\u00fcck, wie ein Garten, erf\u00fcllt diese Bedingung nicht, selbst wenn es direkt an das Wohnhaus angrenzt und zuvor als Teil des Wohnbereichs genutzt wurde.<\/p>\n<div class=\"wp-block-buttons is-layout-flex\">\n<div class=\"wp-block-button\"><a class=\"wp-block-button__link has-vivid-red-background-color has-background wp-element-button\" href=\"\/?page_id=2155\">Kontaktieren Sie uns<\/a><\/div>\n<\/div>\n<p><!-- AddThis Advanced Settings generic via filter on the_content --><!-- AddThis Share Buttons generic via filter on the_content --><\/p>\n","protected":false},"excerpt":{"rendered":"<p>Bundesfinanzhof: der Verkauf eines vom Wohngrundst\u00fcck abgetrennten Gartengrundst\u00fccks ist nicht von der Einkommensteuer befreit.<\/p>\n","protected":false},"featured_media":4109,"template":"","meta":{"_acf_changed":false,"footnotes":""},"blog-category":[],"class_list":["post-4108","blog","type-blog","status-publish","has-post-thumbnail","hentry"],"acf":[],"yoast_head":"<!-- This site is optimized with the Yoast SEO plugin v24.3 - https:\/\/yoast.com\/wordpress\/plugins\/seo\/ -->\n<title>Keine Steuerbefreiung f\u00fcr den Verkauf von Gartengrundst\u00fccken<\/title>\n<meta name=\"description\" content=\"Bundesfinanzhof: der Verkauf eines vom Wohngrundst\u00fcck abgetrennten Gartengrundst\u00fccks ist nicht von der Einkommensteuer befreit. Mehr!\" \/>\n<meta name=\"robots\" content=\"noindex, follow, max-snippet:-1, max-image-preview:large, max-video-preview:-1\" \/>\n<meta property=\"og:locale\" content=\"de_DE\" \/>\n<meta property=\"og:type\" content=\"article\" \/>\n<meta property=\"og:title\" content=\"Keine Steuerbefreiung f\u00fcr den Verkauf von Gartengrundst\u00fccken\" \/>\n<meta property=\"og:description\" content=\"Bundesfinanzhof: der Verkauf eines vom Wohngrundst\u00fcck abgetrennten Gartengrundst\u00fccks ist nicht von der Einkommensteuer befreit. Mehr!\" \/>\n<meta property=\"og:url\" content=\"https:\/\/aurenweb-stg.servidortemporal.net\/de\/blog\/keine-steuerbefreiung-fuer-den-verkauf-von-gartengrundstuecken\/\" \/>\n<meta property=\"og:site_name\" content=\"Auren Germany\" \/>\n<meta property=\"article:publisher\" content=\"https:\/\/www.facebook.com\/aurendeutschland\" \/>\n<meta property=\"article:modified_time\" content=\"2025-03-19T07:26:07+00:00\" \/>\n<meta property=\"og:image\" content=\"https:\/\/aurenweb-stg.servidortemporal.net\/de\/wp-content\/uploads\/2024\/03\/Blog-Bilder-2024-12.jpg\" \/>\n\t<meta property=\"og:image:width\" content=\"1200\" \/>\n\t<meta property=\"og:image:height\" content=\"1000\" \/>\n\t<meta property=\"og:image:type\" content=\"image\/jpeg\" \/>\n<meta name=\"twitter:card\" content=\"summary_large_image\" \/>\n<meta name=\"twitter:label1\" content=\"Gesch\u00e4tzte Lesezeit\" \/>\n\t<meta name=\"twitter:data1\" content=\"2\u00a0Minuten\" \/>\n<script type=\"application\/ld+json\" class=\"yoast-schema-graph\">{\"@context\":\"https:\/\/schema.org\",\"@graph\":[{\"@type\":\"WebPage\",\"@id\":\"https:\/\/aurenweb-stg.servidortemporal.net\/de\/blog\/keine-steuerbefreiung-fuer-den-verkauf-von-gartengrundstuecken\/\",\"url\":\"https:\/\/aurenweb-stg.servidortemporal.net\/de\/blog\/keine-steuerbefreiung-fuer-den-verkauf-von-gartengrundstuecken\/\",\"name\":\"Keine Steuerbefreiung f\u00fcr den Verkauf von Gartengrundst\u00fccken\",\"isPartOf\":{\"@id\":\"https:\/\/aurenweb-stg.servidortemporal.net\/de\/#website\"},\"primaryImageOfPage\":{\"@id\":\"https:\/\/aurenweb-stg.servidortemporal.net\/de\/blog\/keine-steuerbefreiung-fuer-den-verkauf-von-gartengrundstuecken\/#primaryimage\"},\"image\":{\"@id\":\"https:\/\/aurenweb-stg.servidortemporal.net\/de\/blog\/keine-steuerbefreiung-fuer-den-verkauf-von-gartengrundstuecken\/#primaryimage\"},\"thumbnailUrl\":\"https:\/\/aurenweb-stg.servidortemporal.net\/de\/wp-content\/uploads\/2024\/03\/Blog-Bilder-2024-12.jpg\",\"datePublished\":\"2024-03-04T10:00:00+00:00\",\"dateModified\":\"2025-03-19T07:26:07+00:00\",\"description\":\"Bundesfinanzhof: der Verkauf eines vom Wohngrundst\u00fcck abgetrennten Gartengrundst\u00fccks ist nicht von der Einkommensteuer befreit. Mehr!\",\"breadcrumb\":{\"@id\":\"https:\/\/aurenweb-stg.servidortemporal.net\/de\/blog\/keine-steuerbefreiung-fuer-den-verkauf-von-gartengrundstuecken\/#breadcrumb\"},\"inLanguage\":\"de\",\"potentialAction\":[{\"@type\":\"ReadAction\",\"target\":[\"https:\/\/aurenweb-stg.servidortemporal.net\/de\/blog\/keine-steuerbefreiung-fuer-den-verkauf-von-gartengrundstuecken\/\"]}]},{\"@type\":\"ImageObject\",\"inLanguage\":\"de\",\"@id\":\"https:\/\/aurenweb-stg.servidortemporal.net\/de\/blog\/keine-steuerbefreiung-fuer-den-verkauf-von-gartengrundstuecken\/#primaryimage\",\"url\":\"https:\/\/aurenweb-stg.servidortemporal.net\/de\/wp-content\/uploads\/2024\/03\/Blog-Bilder-2024-12.jpg\",\"contentUrl\":\"https:\/\/aurenweb-stg.servidortemporal.net\/de\/wp-content\/uploads\/2024\/03\/Blog-Bilder-2024-12.jpg\",\"width\":1200,\"height\":1000},{\"@type\":\"BreadcrumbList\",\"@id\":\"https:\/\/aurenweb-stg.servidortemporal.net\/de\/blog\/keine-steuerbefreiung-fuer-den-verkauf-von-gartengrundstuecken\/#breadcrumb\",\"itemListElement\":[{\"@type\":\"ListItem\",\"position\":1,\"name\":\"Home\",\"item\":\"https:\/\/aurenweb-stg.servidortemporal.net\/de\/\"},{\"@type\":\"ListItem\",\"position\":2,\"name\":\"Keine Steuerbefreiung f\u00fcr den Verkauf von Gartengrundst\u00fccken\"}]},{\"@type\":\"WebSite\",\"@id\":\"https:\/\/aurenweb-stg.servidortemporal.net\/de\/#website\",\"url\":\"https:\/\/aurenweb-stg.servidortemporal.net\/de\/\",\"name\":\"Auren\",\"description\":\"\",\"publisher\":{\"@id\":\"https:\/\/aurenweb-stg.servidortemporal.net\/de\/#organization\"},\"alternateName\":\"Auren\",\"potentialAction\":[{\"@type\":\"SearchAction\",\"target\":{\"@type\":\"EntryPoint\",\"urlTemplate\":\"https:\/\/aurenweb-stg.servidortemporal.net\/de\/?s={search_term_string}\"},\"query-input\":{\"@type\":\"PropertyValueSpecification\",\"valueRequired\":true,\"valueName\":\"search_term_string\"}}],\"inLanguage\":\"de\"},{\"@type\":\"Organization\",\"@id\":\"https:\/\/aurenweb-stg.servidortemporal.net\/de\/#organization\",\"name\":\"Auren Deutschland\",\"url\":\"https:\/\/aurenweb-stg.servidortemporal.net\/de\/\",\"logo\":{\"@type\":\"ImageObject\",\"inLanguage\":\"de\",\"@id\":\"https:\/\/aurenweb-stg.servidortemporal.net\/de\/#\/schema\/logo\/image\/\",\"url\":\"https:\/\/aurenweb-stg.servidortemporal.net\/de\/wp-content\/uploads\/2025\/01\/cropped-cropped-favicon-Auren.png\",\"contentUrl\":\"https:\/\/aurenweb-stg.servidortemporal.net\/de\/wp-content\/uploads\/2025\/01\/cropped-cropped-favicon-Auren.png\",\"width\":512,\"height\":512,\"caption\":\"Auren Deutschland\"},\"image\":{\"@id\":\"https:\/\/aurenweb-stg.servidortemporal.net\/de\/#\/schema\/logo\/image\/\"},\"sameAs\":[\"https:\/\/www.facebook.com\/aurendeutschland\",\"https:\/\/de.linkedin.com\/organization-guest\/company\/auren-deutschland\",\"https:\/\/www.youtube.com\/@aurendeutschland\",\"https:\/\/www.instagram.com\/aurendeutschland\/\"]}]}<\/script>\n<!-- \/ Yoast SEO plugin. -->","yoast_head_json":{"title":"Keine Steuerbefreiung f\u00fcr den Verkauf von Gartengrundst\u00fccken","description":"Bundesfinanzhof: der Verkauf eines vom Wohngrundst\u00fcck abgetrennten Gartengrundst\u00fccks ist nicht von der Einkommensteuer befreit. Mehr!","robots":{"index":"noindex","follow":"follow","max-snippet":"max-snippet:-1","max-image-preview":"max-image-preview:large","max-video-preview":"max-video-preview:-1"},"og_locale":"de_DE","og_type":"article","og_title":"Keine Steuerbefreiung f\u00fcr den Verkauf von Gartengrundst\u00fccken","og_description":"Bundesfinanzhof: der Verkauf eines vom Wohngrundst\u00fcck abgetrennten Gartengrundst\u00fccks ist nicht von der Einkommensteuer befreit. Mehr!","og_url":"https:\/\/aurenweb-stg.servidortemporal.net\/de\/blog\/keine-steuerbefreiung-fuer-den-verkauf-von-gartengrundstuecken\/","og_site_name":"Auren Germany","article_publisher":"https:\/\/www.facebook.com\/aurendeutschland","article_modified_time":"2025-03-19T07:26:07+00:00","og_image":[{"width":1200,"height":1000,"url":"https:\/\/aurenweb-stg.servidortemporal.net\/de\/wp-content\/uploads\/2024\/03\/Blog-Bilder-2024-12.jpg","type":"image\/jpeg"}],"twitter_card":"summary_large_image","twitter_misc":{"Gesch\u00e4tzte Lesezeit":"2\u00a0Minuten"},"schema":{"@context":"https:\/\/schema.org","@graph":[{"@type":"WebPage","@id":"https:\/\/aurenweb-stg.servidortemporal.net\/de\/blog\/keine-steuerbefreiung-fuer-den-verkauf-von-gartengrundstuecken\/","url":"https:\/\/aurenweb-stg.servidortemporal.net\/de\/blog\/keine-steuerbefreiung-fuer-den-verkauf-von-gartengrundstuecken\/","name":"Keine Steuerbefreiung f\u00fcr den Verkauf von Gartengrundst\u00fccken","isPartOf":{"@id":"https:\/\/aurenweb-stg.servidortemporal.net\/de\/#website"},"primaryImageOfPage":{"@id":"https:\/\/aurenweb-stg.servidortemporal.net\/de\/blog\/keine-steuerbefreiung-fuer-den-verkauf-von-gartengrundstuecken\/#primaryimage"},"image":{"@id":"https:\/\/aurenweb-stg.servidortemporal.net\/de\/blog\/keine-steuerbefreiung-fuer-den-verkauf-von-gartengrundstuecken\/#primaryimage"},"thumbnailUrl":"https:\/\/aurenweb-stg.servidortemporal.net\/de\/wp-content\/uploads\/2024\/03\/Blog-Bilder-2024-12.jpg","datePublished":"2024-03-04T10:00:00+00:00","dateModified":"2025-03-19T07:26:07+00:00","description":"Bundesfinanzhof: der Verkauf eines vom Wohngrundst\u00fcck abgetrennten Gartengrundst\u00fccks ist nicht von der Einkommensteuer befreit. Mehr!","breadcrumb":{"@id":"https:\/\/aurenweb-stg.servidortemporal.net\/de\/blog\/keine-steuerbefreiung-fuer-den-verkauf-von-gartengrundstuecken\/#breadcrumb"},"inLanguage":"de","potentialAction":[{"@type":"ReadAction","target":["https:\/\/aurenweb-stg.servidortemporal.net\/de\/blog\/keine-steuerbefreiung-fuer-den-verkauf-von-gartengrundstuecken\/"]}]},{"@type":"ImageObject","inLanguage":"de","@id":"https:\/\/aurenweb-stg.servidortemporal.net\/de\/blog\/keine-steuerbefreiung-fuer-den-verkauf-von-gartengrundstuecken\/#primaryimage","url":"https:\/\/aurenweb-stg.servidortemporal.net\/de\/wp-content\/uploads\/2024\/03\/Blog-Bilder-2024-12.jpg","contentUrl":"https:\/\/aurenweb-stg.servidortemporal.net\/de\/wp-content\/uploads\/2024\/03\/Blog-Bilder-2024-12.jpg","width":1200,"height":1000},{"@type":"BreadcrumbList","@id":"https:\/\/aurenweb-stg.servidortemporal.net\/de\/blog\/keine-steuerbefreiung-fuer-den-verkauf-von-gartengrundstuecken\/#breadcrumb","itemListElement":[{"@type":"ListItem","position":1,"name":"Home","item":"https:\/\/aurenweb-stg.servidortemporal.net\/de\/"},{"@type":"ListItem","position":2,"name":"Keine Steuerbefreiung f\u00fcr den Verkauf von Gartengrundst\u00fccken"}]},{"@type":"WebSite","@id":"https:\/\/aurenweb-stg.servidortemporal.net\/de\/#website","url":"https:\/\/aurenweb-stg.servidortemporal.net\/de\/","name":"Auren","description":"","publisher":{"@id":"https:\/\/aurenweb-stg.servidortemporal.net\/de\/#organization"},"alternateName":"Auren","potentialAction":[{"@type":"SearchAction","target":{"@type":"EntryPoint","urlTemplate":"https:\/\/aurenweb-stg.servidortemporal.net\/de\/?s={search_term_string}"},"query-input":{"@type":"PropertyValueSpecification","valueRequired":true,"valueName":"search_term_string"}}],"inLanguage":"de"},{"@type":"Organization","@id":"https:\/\/aurenweb-stg.servidortemporal.net\/de\/#organization","name":"Auren Deutschland","url":"https:\/\/aurenweb-stg.servidortemporal.net\/de\/","logo":{"@type":"ImageObject","inLanguage":"de","@id":"https:\/\/aurenweb-stg.servidortemporal.net\/de\/#\/schema\/logo\/image\/","url":"https:\/\/aurenweb-stg.servidortemporal.net\/de\/wp-content\/uploads\/2025\/01\/cropped-cropped-favicon-Auren.png","contentUrl":"https:\/\/aurenweb-stg.servidortemporal.net\/de\/wp-content\/uploads\/2025\/01\/cropped-cropped-favicon-Auren.png","width":512,"height":512,"caption":"Auren Deutschland"},"image":{"@id":"https:\/\/aurenweb-stg.servidortemporal.net\/de\/#\/schema\/logo\/image\/"},"sameAs":["https:\/\/www.facebook.com\/aurendeutschland","https:\/\/de.linkedin.com\/organization-guest\/company\/auren-deutschland","https:\/\/www.youtube.com\/@aurendeutschland","https:\/\/www.instagram.com\/aurendeutschland\/"]}]}},"_links":{"self":[{"href":"https:\/\/aurenweb-stg.servidortemporal.net\/de\/wp-json\/wp\/v2\/blog\/4108","targetHints":{"allow":["GET"]}}],"collection":[{"href":"https:\/\/aurenweb-stg.servidortemporal.net\/de\/wp-json\/wp\/v2\/blog"}],"about":[{"href":"https:\/\/aurenweb-stg.servidortemporal.net\/de\/wp-json\/wp\/v2\/types\/blog"}],"version-history":[{"count":2,"href":"https:\/\/aurenweb-stg.servidortemporal.net\/de\/wp-json\/wp\/v2\/blog\/4108\/revisions"}],"predecessor-version":[{"id":103763,"href":"https:\/\/aurenweb-stg.servidortemporal.net\/de\/wp-json\/wp\/v2\/blog\/4108\/revisions\/103763"}],"wp:featuredmedia":[{"embeddable":true,"href":"https:\/\/aurenweb-stg.servidortemporal.net\/de\/wp-json\/wp\/v2\/media\/4109"}],"wp:attachment":[{"href":"https:\/\/aurenweb-stg.servidortemporal.net\/de\/wp-json\/wp\/v2\/media?parent=4108"}],"wp:term":[{"taxonomy":"blog-category","embeddable":true,"href":"https:\/\/aurenweb-stg.servidortemporal.net\/de\/wp-json\/wp\/v2\/blog-category?post=4108"}],"curies":[{"name":"wp","href":"https:\/\/api.w.org\/{rel}","templated":true}]}}