{"id":8967,"date":"2025-01-27T10:28:00","date_gmt":"2025-01-27T09:28:00","guid":{"rendered":"https:\/\/auren.com\/de\/?post_type=blog&#038;p=8967"},"modified":"2025-08-18T12:53:54","modified_gmt":"2025-08-18T10:53:54","slug":"verdoppelung-der-bezugsdauer-beim-kurzarbeitergeld","status":"publish","type":"blog","link":"https:\/\/aurenweb-stg.servidortemporal.net\/de\/blog\/verdoppelung-der-bezugsdauer-beim-kurzarbeitergeld\/","title":{"rendered":"Verdoppelung der Bezugsdauer beim Kurzarbeitergeld"},"content":{"rendered":"\n<p>Ab dem 1. Januar 2025 wird die Bezugsdauer beim Kurzarbeitergeld auf 24 Monate verl\u00e4ngert. Dies hat das Bundeskabinett beschlossen und damit auf die gestiegenen Kurzarbeiterzahlen reagiert.<\/p>\n\n\n\n<p>Die Ma\u00dfnahme ist befristet bis Ende 2025. Anschlie\u00dfend gilt wieder die regul\u00e4re Bezugsdauer von maximal zw\u00f6lf Monaten. Ein Anspruch der \u00fcber zw\u00f6lf Monate hinausgehen w\u00fcrde, verf\u00e4llt mit dem 31. Dezember 2025.<\/p>\n\n\n\n<p>Derzeit haben wieder sehr viele Unternehmen Bedarf an Kurzarbeit. Das zeigen die steigenden Zahlen sowohl der Anzeigen als auch der Inanspruchnahme von Kurzarbeit. Ohne die Verl\u00e4ngerung w\u00e4re davon auszugehen, dass es in den kommenden Monaten zu einem erheblichen Personalabbau in bereits von Kurzarbeit betroffenen Betrieben k\u00e4me.<\/p>\n\n\n\n<p>Bereits w\u00e4hrend Corona hat sich die Kurzarbeit als zuverl\u00e4ssiges Instrument gezeigt: Unternehmen und deren Besch\u00e4ftigte erhalten Sicherheit und eine Alternative zu Entlassungen. Zudem kann die Zeit des Arbeitsausfalls zur Qualifizierung genutzt werden.<\/p>\n\n\n\n<p>Da das Bundeskabinett die Verordnung beschlossen hat, m\u00fcssen sich Bundesrat und Bundestag nicht damit befassen.<\/p>\n\n\n\n<p>Sie haben Fragen oder ben\u00f6tigen Unterst\u00fctzung?<\/p>\n\n\n\n<div class=\"wp-block-media-text is-stacked-on-mobile is-vertically-aligned-center\" style=\"grid-template-columns:20% auto\"><figure class=\"wp-block-media-text__media\"><img loading=\"lazy\" decoding=\"async\" width=\"1024\" height=\"1024\" src=\"https:\/\/aurenweb-stg.servidortemporal.net\/de\/wp-content\/uploads\/2024\/12\/Birgit-Ennemoser-01-1024x1024.webp\" alt=\"Birgit Ennemoser, Gesch\u00e4ftsf\u00fchrerin Personal Services bei Auren Deutschland in Stuttgart, im B\u00fcro\" class=\"wp-image-335192 size-full\" srcset=\"https:\/\/aurenweb-stg.servidortemporal.net\/de\/wp-content\/uploads\/2024\/12\/Birgit-Ennemoser-01-1024x1024.webp 1024w, https:\/\/aurenweb-stg.servidortemporal.net\/de\/wp-content\/uploads\/2024\/12\/Birgit-Ennemoser-01-300x300.webp 300w, https:\/\/aurenweb-stg.servidortemporal.net\/de\/wp-content\/uploads\/2024\/12\/Birgit-Ennemoser-01-150x150.webp 150w, https:\/\/aurenweb-stg.servidortemporal.net\/de\/wp-content\/uploads\/2024\/12\/Birgit-Ennemoser-01-768x768.webp 768w, https:\/\/aurenweb-stg.servidortemporal.net\/de\/wp-content\/uploads\/2024\/12\/Birgit-Ennemoser-01-1536x1536.webp 1536w, https:\/\/aurenweb-stg.servidortemporal.net\/de\/wp-content\/uploads\/2024\/12\/Birgit-Ennemoser-01.webp 1639w\" sizes=\"auto, (max-width: 1024px) 100vw, 1024px\" \/><\/figure><div class=\"wp-block-media-text__content\">\n<p><strong>Birgit Ennemoser<\/strong><br>Gesch\u00e4ftsf\u00fchrerin Personal Services<br><a href=\"mailto:franziska.peter@auren.de\"><\/a><a href=\"mailto:birgit.ennemoser@auren.de\">birgit.ennemoser@auren.de<\/a><br><a href=\"tel:+49 711 997868 26\"><\/a><a href=\"tel:+49 711 997868 51\">+49 711 997868 51<\/a><\/p>\n<\/div><\/div>\n","protected":false},"excerpt":{"rendered":"<p>Ab dem 1. Januar 2025 wird die Bezugsdauer beim Kurzarbeitergeld auf 24 Monate verl\u00e4ngert. Dies hat das Bundeskabinett beschlossen und damit auf die gestiegenen Kurzarbeiterzahlen reagiert. Die Ma\u00dfnahme ist befristet bis Ende 2025. Anschlie\u00dfend gilt wieder die regul\u00e4re Bezugsdauer von maximal zw\u00f6lf Monaten. Ein Anspruch der \u00fcber zw\u00f6lf Monate hinausgehen w\u00fcrde, verf\u00e4llt mit dem 31. [&hellip;]<\/p>\n","protected":false},"featured_media":8968,"template":"","meta":{"_acf_changed":false,"footnotes":""},"blog-category":[224],"class_list":["post-8967","blog","type-blog","status-publish","has-post-thumbnail","hentry","blog-category-personalwesen-hr-und-lohn"],"acf":[],"yoast_head":"<!-- This site is optimized with the Yoast SEO plugin v24.3 - https:\/\/yoast.com\/wordpress\/plugins\/seo\/ -->\n<title>Verdoppelung der Bezugsdauer beim Kurzarbeitergeld - Auren Germany<\/title>\n<meta name=\"robots\" content=\"noindex, follow, max-snippet:-1, max-image-preview:large, max-video-preview:-1\" \/>\n<meta property=\"og:locale\" content=\"de_DE\" \/>\n<meta property=\"og:type\" content=\"article\" \/>\n<meta property=\"og:title\" content=\"Verdoppelung der Bezugsdauer beim Kurzarbeitergeld - Auren Germany\" \/>\n<meta property=\"og:description\" content=\"Ab dem 1. Januar 2025 wird die Bezugsdauer beim Kurzarbeitergeld auf 24 Monate verl\u00e4ngert. Dies hat das Bundeskabinett beschlossen und damit auf die gestiegenen Kurzarbeiterzahlen reagiert. Die Ma\u00dfnahme ist befristet bis Ende 2025. Anschlie\u00dfend gilt wieder die regul\u00e4re Bezugsdauer von maximal zw\u00f6lf Monaten. Ein Anspruch der \u00fcber zw\u00f6lf Monate hinausgehen w\u00fcrde, verf\u00e4llt mit dem 31. [&hellip;]\" \/>\n<meta property=\"og:url\" content=\"https:\/\/aurenweb-stg.servidortemporal.net\/de\/blog\/verdoppelung-der-bezugsdauer-beim-kurzarbeitergeld\/\" \/>\n<meta property=\"og:site_name\" content=\"Auren Germany\" \/>\n<meta property=\"article:publisher\" content=\"https:\/\/www.facebook.com\/aurendeutschland\" \/>\n<meta property=\"article:modified_time\" content=\"2025-08-18T10:53:54+00:00\" \/>\n<meta property=\"og:image\" content=\"https:\/\/aurenweb-stg.servidortemporal.net\/de\/wp-content\/uploads\/2025\/01\/Bezugsdauer-beim-Kurzarbeitergeld.jpg\" \/>\n\t<meta property=\"og:image:width\" content=\"1200\" \/>\n\t<meta property=\"og:image:height\" content=\"1000\" \/>\n\t<meta property=\"og:image:type\" content=\"image\/jpeg\" \/>\n<meta name=\"twitter:card\" content=\"summary_large_image\" \/>\n<meta name=\"twitter:label1\" content=\"Gesch\u00e4tzte Lesezeit\" \/>\n\t<meta name=\"twitter:data1\" content=\"2\u00a0Minuten\" \/>\n<script type=\"application\/ld+json\" class=\"yoast-schema-graph\">{\"@context\":\"https:\/\/schema.org\",\"@graph\":[{\"@type\":\"WebPage\",\"@id\":\"https:\/\/aurenweb-stg.servidortemporal.net\/de\/blog\/verdoppelung-der-bezugsdauer-beim-kurzarbeitergeld\/\",\"url\":\"https:\/\/aurenweb-stg.servidortemporal.net\/de\/blog\/verdoppelung-der-bezugsdauer-beim-kurzarbeitergeld\/\",\"name\":\"Verdoppelung der Bezugsdauer beim Kurzarbeitergeld - Auren Germany\",\"isPartOf\":{\"@id\":\"https:\/\/aurenweb-stg.servidortemporal.net\/de\/#website\"},\"primaryImageOfPage\":{\"@id\":\"https:\/\/aurenweb-stg.servidortemporal.net\/de\/blog\/verdoppelung-der-bezugsdauer-beim-kurzarbeitergeld\/#primaryimage\"},\"image\":{\"@id\":\"https:\/\/aurenweb-stg.servidortemporal.net\/de\/blog\/verdoppelung-der-bezugsdauer-beim-kurzarbeitergeld\/#primaryimage\"},\"thumbnailUrl\":\"https:\/\/aurenweb-stg.servidortemporal.net\/de\/wp-content\/uploads\/2025\/01\/Bezugsdauer-beim-Kurzarbeitergeld.jpg\",\"datePublished\":\"2025-01-27T09:28:00+00:00\",\"dateModified\":\"2025-08-18T10:53:54+00:00\",\"breadcrumb\":{\"@id\":\"https:\/\/aurenweb-stg.servidortemporal.net\/de\/blog\/verdoppelung-der-bezugsdauer-beim-kurzarbeitergeld\/#breadcrumb\"},\"inLanguage\":\"de\",\"potentialAction\":[{\"@type\":\"ReadAction\",\"target\":[\"https:\/\/aurenweb-stg.servidortemporal.net\/de\/blog\/verdoppelung-der-bezugsdauer-beim-kurzarbeitergeld\/\"]}]},{\"@type\":\"ImageObject\",\"inLanguage\":\"de\",\"@id\":\"https:\/\/aurenweb-stg.servidortemporal.net\/de\/blog\/verdoppelung-der-bezugsdauer-beim-kurzarbeitergeld\/#primaryimage\",\"url\":\"https:\/\/aurenweb-stg.servidortemporal.net\/de\/wp-content\/uploads\/2025\/01\/Bezugsdauer-beim-Kurzarbeitergeld.jpg\",\"contentUrl\":\"https:\/\/aurenweb-stg.servidortemporal.net\/de\/wp-content\/uploads\/2025\/01\/Bezugsdauer-beim-Kurzarbeitergeld.jpg\",\"width\":1200,\"height\":1000},{\"@type\":\"BreadcrumbList\",\"@id\":\"https:\/\/aurenweb-stg.servidortemporal.net\/de\/blog\/verdoppelung-der-bezugsdauer-beim-kurzarbeitergeld\/#breadcrumb\",\"itemListElement\":[{\"@type\":\"ListItem\",\"position\":1,\"name\":\"Home\",\"item\":\"https:\/\/aurenweb-stg.servidortemporal.net\/de\/\"},{\"@type\":\"ListItem\",\"position\":2,\"name\":\"Verdoppelung der Bezugsdauer beim Kurzarbeitergeld\"}]},{\"@type\":\"WebSite\",\"@id\":\"https:\/\/aurenweb-stg.servidortemporal.net\/de\/#website\",\"url\":\"https:\/\/aurenweb-stg.servidortemporal.net\/de\/\",\"name\":\"Auren\",\"description\":\"\",\"publisher\":{\"@id\":\"https:\/\/aurenweb-stg.servidortemporal.net\/de\/#organization\"},\"alternateName\":\"Auren\",\"potentialAction\":[{\"@type\":\"SearchAction\",\"target\":{\"@type\":\"EntryPoint\",\"urlTemplate\":\"https:\/\/aurenweb-stg.servidortemporal.net\/de\/?s={search_term_string}\"},\"query-input\":{\"@type\":\"PropertyValueSpecification\",\"valueRequired\":true,\"valueName\":\"search_term_string\"}}],\"inLanguage\":\"de\"},{\"@type\":\"Organization\",\"@id\":\"https:\/\/aurenweb-stg.servidortemporal.net\/de\/#organization\",\"name\":\"Auren Deutschland\",\"url\":\"https:\/\/aurenweb-stg.servidortemporal.net\/de\/\",\"logo\":{\"@type\":\"ImageObject\",\"inLanguage\":\"de\",\"@id\":\"https:\/\/aurenweb-stg.servidortemporal.net\/de\/#\/schema\/logo\/image\/\",\"url\":\"https:\/\/aurenweb-stg.servidortemporal.net\/de\/wp-content\/uploads\/2025\/01\/cropped-cropped-favicon-Auren.png\",\"contentUrl\":\"https:\/\/aurenweb-stg.servidortemporal.net\/de\/wp-content\/uploads\/2025\/01\/cropped-cropped-favicon-Auren.png\",\"width\":512,\"height\":512,\"caption\":\"Auren Deutschland\"},\"image\":{\"@id\":\"https:\/\/aurenweb-stg.servidortemporal.net\/de\/#\/schema\/logo\/image\/\"},\"sameAs\":[\"https:\/\/www.facebook.com\/aurendeutschland\",\"https:\/\/de.linkedin.com\/organization-guest\/company\/auren-deutschland\",\"https:\/\/www.youtube.com\/@aurendeutschland\",\"https:\/\/www.instagram.com\/aurendeutschland\/\"]}]}<\/script>\n<!-- \/ Yoast SEO plugin. -->","yoast_head_json":{"title":"Verdoppelung der Bezugsdauer beim Kurzarbeitergeld - Auren Germany","robots":{"index":"noindex","follow":"follow","max-snippet":"max-snippet:-1","max-image-preview":"max-image-preview:large","max-video-preview":"max-video-preview:-1"},"og_locale":"de_DE","og_type":"article","og_title":"Verdoppelung der Bezugsdauer beim Kurzarbeitergeld - Auren Germany","og_description":"Ab dem 1. Januar 2025 wird die Bezugsdauer beim Kurzarbeitergeld auf 24 Monate verl\u00e4ngert. Dies hat das Bundeskabinett beschlossen und damit auf die gestiegenen Kurzarbeiterzahlen reagiert. Die Ma\u00dfnahme ist befristet bis Ende 2025. Anschlie\u00dfend gilt wieder die regul\u00e4re Bezugsdauer von maximal zw\u00f6lf Monaten. Ein Anspruch der \u00fcber zw\u00f6lf Monate hinausgehen w\u00fcrde, verf\u00e4llt mit dem 31. [&hellip;]","og_url":"https:\/\/aurenweb-stg.servidortemporal.net\/de\/blog\/verdoppelung-der-bezugsdauer-beim-kurzarbeitergeld\/","og_site_name":"Auren Germany","article_publisher":"https:\/\/www.facebook.com\/aurendeutschland","article_modified_time":"2025-08-18T10:53:54+00:00","og_image":[{"width":1200,"height":1000,"url":"https:\/\/aurenweb-stg.servidortemporal.net\/de\/wp-content\/uploads\/2025\/01\/Bezugsdauer-beim-Kurzarbeitergeld.jpg","type":"image\/jpeg"}],"twitter_card":"summary_large_image","twitter_misc":{"Gesch\u00e4tzte Lesezeit":"2\u00a0Minuten"},"schema":{"@context":"https:\/\/schema.org","@graph":[{"@type":"WebPage","@id":"https:\/\/aurenweb-stg.servidortemporal.net\/de\/blog\/verdoppelung-der-bezugsdauer-beim-kurzarbeitergeld\/","url":"https:\/\/aurenweb-stg.servidortemporal.net\/de\/blog\/verdoppelung-der-bezugsdauer-beim-kurzarbeitergeld\/","name":"Verdoppelung der Bezugsdauer beim Kurzarbeitergeld - Auren Germany","isPartOf":{"@id":"https:\/\/aurenweb-stg.servidortemporal.net\/de\/#website"},"primaryImageOfPage":{"@id":"https:\/\/aurenweb-stg.servidortemporal.net\/de\/blog\/verdoppelung-der-bezugsdauer-beim-kurzarbeitergeld\/#primaryimage"},"image":{"@id":"https:\/\/aurenweb-stg.servidortemporal.net\/de\/blog\/verdoppelung-der-bezugsdauer-beim-kurzarbeitergeld\/#primaryimage"},"thumbnailUrl":"https:\/\/aurenweb-stg.servidortemporal.net\/de\/wp-content\/uploads\/2025\/01\/Bezugsdauer-beim-Kurzarbeitergeld.jpg","datePublished":"2025-01-27T09:28:00+00:00","dateModified":"2025-08-18T10:53:54+00:00","breadcrumb":{"@id":"https:\/\/aurenweb-stg.servidortemporal.net\/de\/blog\/verdoppelung-der-bezugsdauer-beim-kurzarbeitergeld\/#breadcrumb"},"inLanguage":"de","potentialAction":[{"@type":"ReadAction","target":["https:\/\/aurenweb-stg.servidortemporal.net\/de\/blog\/verdoppelung-der-bezugsdauer-beim-kurzarbeitergeld\/"]}]},{"@type":"ImageObject","inLanguage":"de","@id":"https:\/\/aurenweb-stg.servidortemporal.net\/de\/blog\/verdoppelung-der-bezugsdauer-beim-kurzarbeitergeld\/#primaryimage","url":"https:\/\/aurenweb-stg.servidortemporal.net\/de\/wp-content\/uploads\/2025\/01\/Bezugsdauer-beim-Kurzarbeitergeld.jpg","contentUrl":"https:\/\/aurenweb-stg.servidortemporal.net\/de\/wp-content\/uploads\/2025\/01\/Bezugsdauer-beim-Kurzarbeitergeld.jpg","width":1200,"height":1000},{"@type":"BreadcrumbList","@id":"https:\/\/aurenweb-stg.servidortemporal.net\/de\/blog\/verdoppelung-der-bezugsdauer-beim-kurzarbeitergeld\/#breadcrumb","itemListElement":[{"@type":"ListItem","position":1,"name":"Home","item":"https:\/\/aurenweb-stg.servidortemporal.net\/de\/"},{"@type":"ListItem","position":2,"name":"Verdoppelung der Bezugsdauer beim Kurzarbeitergeld"}]},{"@type":"WebSite","@id":"https:\/\/aurenweb-stg.servidortemporal.net\/de\/#website","url":"https:\/\/aurenweb-stg.servidortemporal.net\/de\/","name":"Auren","description":"","publisher":{"@id":"https:\/\/aurenweb-stg.servidortemporal.net\/de\/#organization"},"alternateName":"Auren","potentialAction":[{"@type":"SearchAction","target":{"@type":"EntryPoint","urlTemplate":"https:\/\/aurenweb-stg.servidortemporal.net\/de\/?s={search_term_string}"},"query-input":{"@type":"PropertyValueSpecification","valueRequired":true,"valueName":"search_term_string"}}],"inLanguage":"de"},{"@type":"Organization","@id":"https:\/\/aurenweb-stg.servidortemporal.net\/de\/#organization","name":"Auren Deutschland","url":"https:\/\/aurenweb-stg.servidortemporal.net\/de\/","logo":{"@type":"ImageObject","inLanguage":"de","@id":"https:\/\/aurenweb-stg.servidortemporal.net\/de\/#\/schema\/logo\/image\/","url":"https:\/\/aurenweb-stg.servidortemporal.net\/de\/wp-content\/uploads\/2025\/01\/cropped-cropped-favicon-Auren.png","contentUrl":"https:\/\/aurenweb-stg.servidortemporal.net\/de\/wp-content\/uploads\/2025\/01\/cropped-cropped-favicon-Auren.png","width":512,"height":512,"caption":"Auren Deutschland"},"image":{"@id":"https:\/\/aurenweb-stg.servidortemporal.net\/de\/#\/schema\/logo\/image\/"},"sameAs":["https:\/\/www.facebook.com\/aurendeutschland","https:\/\/de.linkedin.com\/organization-guest\/company\/auren-deutschland","https:\/\/www.youtube.com\/@aurendeutschland","https:\/\/www.instagram.com\/aurendeutschland\/"]}]}},"_links":{"self":[{"href":"https:\/\/aurenweb-stg.servidortemporal.net\/de\/wp-json\/wp\/v2\/blog\/8967","targetHints":{"allow":["GET"]}}],"collection":[{"href":"https:\/\/aurenweb-stg.servidortemporal.net\/de\/wp-json\/wp\/v2\/blog"}],"about":[{"href":"https:\/\/aurenweb-stg.servidortemporal.net\/de\/wp-json\/wp\/v2\/types\/blog"}],"version-history":[{"count":8,"href":"https:\/\/aurenweb-stg.servidortemporal.net\/de\/wp-json\/wp\/v2\/blog\/8967\/revisions"}],"predecessor-version":[{"id":411523,"href":"https:\/\/aurenweb-stg.servidortemporal.net\/de\/wp-json\/wp\/v2\/blog\/8967\/revisions\/411523"}],"wp:featuredmedia":[{"embeddable":true,"href":"https:\/\/aurenweb-stg.servidortemporal.net\/de\/wp-json\/wp\/v2\/media\/8968"}],"wp:attachment":[{"href":"https:\/\/aurenweb-stg.servidortemporal.net\/de\/wp-json\/wp\/v2\/media?parent=8967"}],"wp:term":[{"taxonomy":"blog-category","embeddable":true,"href":"https:\/\/aurenweb-stg.servidortemporal.net\/de\/wp-json\/wp\/v2\/blog-category?post=8967"}],"curies":[{"name":"wp","href":"https:\/\/api.w.org\/{rel}","templated":true}]}}