{"id":7323,"date":"2019-02-21T15:19:39","date_gmt":"2019-02-21T14:19:39","guid":{"rendered":"https:\/\/aurenweb-stg.servidortemporal.net\/es\/blog\/criterios-de-uso-de-los-dispositivos-digitales-en-su-empresa\/"},"modified":"2019-02-21T15:19:39","modified_gmt":"2019-02-21T14:19:39","slug":"criterios-de-uso-de-los-dispositivos-digitales-en-su-empresa","status":"publish","type":"blog","link":"https:\/\/aurenweb-stg.servidortemporal.net\/es\/blog\/criterios-de-uso-de-los-dispositivos-digitales-en-su-empresa\/","title":{"rendered":"Criterios de uso de los dispositivos digitales en su empresa"},"content":{"rendered":"<p class=\"text-justify\">Como bien sabr\u00e1, desde diciembre del a\u00f1o pasado est\u00e1 en vigor una nueva Ley Org\u00e1nica de Protecci\u00f3n de Datos, que sustituye a la LOPD de 1999 que hab\u00eda quedado desfasada tras la aprobaci\u00f3n del Reglamento europeo correspondiente (conocido como RGPD).<\/p>\n<p class=\"text-justify\">Lo que quiz\u00e1 no sepa es que <strong>la nueva LOPD no solo trata aspectos relativos al tratamiento de datos personales, sino que incluye referencias a lo que llama <\/strong><em>\u00ab<strong>garant\u00eda de los derechos digitales<\/strong>\u00ab<\/em>.<\/p>\n<p class=\"text-justify\">Entre esos derechos <strong>se regula c\u00f3mo se protege la intimidad de los trabajadores cuando usan dispositivos digitales en el \u00e1mbito laboral<\/strong>. Por ejemplo: ordenadores port\u00e1tiles, m\u00f3viles de empresa, tabletas, etc.<\/p>\n<p class=\"text-justify\">Es importante que conozca la regulaci\u00f3n que existe, dado que se trata de una <strong>situaci\u00f3n normativa nueva<\/strong> y a la que, por tanto, quiz\u00e1 su empresa no est\u00e9 adaptada.<\/p>\n<p class=\"text-justify\">En este sentido, necesita saber que, como punto de partida, <strong>los trabajadores tienen derecho a la protecci\u00f3n de su intimidad<\/strong> <strong>cuando usan los dispositivos digitales puestos a su disposici\u00f3n por su empleador<\/strong>. Por tanto, cualquier medida que se adopte dentro de la organizaci\u00f3n, y que haga referencia al uso de estos dispositivos, deber\u00e1 tener en cuenta este principio general.<\/p>\n<p class=\"text-justify\">Sin embargo, <strong>la LOPD-GDD permite monitorizar el uso de los referidos dispositivos<\/strong>, <strong>como parte de las potestades de control del empleador<\/strong>. Lo que pasa es que dicho control debe hacerse de una forma muy concreta.<\/p>\n<p class=\"text-justify\">Si el empleador desea controlar dichos dispositivos, para empezar, deber\u00e1 haber desarrollado unos criterios de uso de los mismos. Esos criterios deber\u00e1n estar a disposici\u00f3n de los trabajadores; de hecho, se les deber\u00e1 haber <strong>informado obligatoriamente<\/strong> del contenido de dichos criterios.<\/p>\n<p class=\"text-justify\">Los <strong>criterios de uso<\/strong> deber\u00e1n hacer referencia, como m\u00ednimo, a los siguientes aspectos:<\/p>\n<p class=\"text-justify\">&#8211; Qu\u00e9 usos est\u00e1n autorizados.<\/p>\n<p class=\"text-justify\">&#8211; Qu\u00e9 medidas se ha adoptado para preservar la intimidad de los trabajadores.   <\/p>\n<p class=\"text-justify\">&#8211; En su caso, en qu\u00e9 periodos pueden usarse los dispositivos para fines privados.   <\/p>\n<p class=\"text-justify\">Adem\u00e1s de este contenido m\u00ednimo, <strong>la LOPD-GDD incorpora otra obligaci\u00f3n igual de importante<\/strong>: <strong>en la elaboraci\u00f3n de los criterios de uso de dispositivos digitales<\/strong> <strong>deber\u00e1n participar los representantes de los trabajadores<\/strong>.<\/p>\n<p class=\"text-justify\">En otras palabras, <strong>no ser\u00e1n v\u00e1lidos los criterios de uso en los que estos representantes no hayan tomado parte, o en los que su papel haya sido de<\/strong> \u00ab<strong><em>mero testigo<\/em><\/strong>\u00ab, <strong>sin tener posibilidades reales de recomendar modificaciones a los criterios<\/strong>.<\/p>\n<p class=\"text-justify\">Esto no quiere decir que haya que aceptar todas y cada una de las recomendaciones de los representantes de los trabajadores. Pero s\u00ed que <strong>se deber\u00e1 o\u00edr su voz<\/strong> antes de presentar el documento final que contenga los criterios de uso.<\/p>\n<p class=\"text-justify\">Como conclusi\u00f3n<strong>, si en su empresa desea controlar el uso de dispositivos digitales deber\u00e1 contar con el documento de criterios de uso, redactado seg\u00fan las exigencias legales que acabamos de analizar en este art\u00edculo<\/strong>.<\/p>\n<p class=\"text-justify\">Si desea m\u00e1s informaci\u00f3n al respecto, estaremos encantados de proporcion\u00e1rsela.<\/p>\n<p class=\"text-justify\"><strong>Fabi\u00e1n Plaza Miranda, Auren Abogados y asesores Fiscales<\/strong><\/p>\n<p><!-- AddThis Advanced Settings generic via filter on the_content --><!-- AddThis Share Buttons generic via filter on the_content --><\/p>\n","protected":false},"excerpt":{"rendered":"<p>Como bien sabr\u00e1, desde diciembre del a\u00f1o pasado est\u00e1 en vigor una nueva Ley Org\u00e1nica de Protecci\u00f3n de Datos, que sustituye a la LOPD de 1999 que hab\u00eda quedado desfasada tras la aprobaci\u00f3n del Reglamento europeo correspondiente (conocido como RGPD).<\/p>\n","protected":false},"featured_media":7324,"template":"","meta":{"_acf_changed":false,"footnotes":""},"blog-category":[],"class_list":["post-7323","blog","type-blog","status-publish","has-post-thumbnail","hentry"],"acf":[],"yoast_head":"<!-- This site is optimized with the Yoast SEO plugin v27.0 - https:\/\/yoast.com\/product\/yoast-seo-wordpress\/ -->\n<title>Criterios de uso de los dispositivos digitales en su empresa - Auren Espa\u00f1a<\/title>\n<meta name=\"robots\" content=\"noindex, follow, max-snippet:-1, max-image-preview:large, max-video-preview:-1\" \/>\n<meta property=\"og:locale\" content=\"es_ES\" \/>\n<meta property=\"og:type\" content=\"article\" \/>\n<meta property=\"og:title\" content=\"Criterios de uso de los dispositivos digitales en su empresa - Auren Espa\u00f1a\" \/>\n<meta property=\"og:description\" content=\"Como bien sabr\u00e1, desde diciembre del a\u00f1o pasado est\u00e1 en vigor una nueva Ley Org\u00e1nica de Protecci\u00f3n de Datos, que sustituye a la LOPD de 1999 que hab\u00eda quedado desfasada tras la aprobaci\u00f3n del Reglamento europeo correspondiente (conocido como RGPD).\" \/>\n<meta property=\"og:url\" content=\"https:\/\/aurenweb-stg.servidortemporal.net\/es\/blog\/criterios-de-uso-de-los-dispositivos-digitales-en-su-empresa\/\" \/>\n<meta property=\"og:site_name\" content=\"Auren\" \/>\n<meta property=\"og:image\" content=\"https:\/\/aurenweb-stg.servidortemporal.net\/es\/wp-content\/uploads\/2019\/02\/190304-criterio-del-uso-de-los-dispositivos-digitales-en-su-empresa.jpg\" \/>\n\t<meta property=\"og:image:width\" content=\"1920\" \/>\n\t<meta property=\"og:image:height\" content=\"655\" \/>\n\t<meta property=\"og:image:type\" content=\"image\/jpeg\" \/>\n<meta name=\"twitter:card\" content=\"summary_large_image\" \/>\n<meta name=\"twitter:site\" content=\"@auren_spain\" \/>\n<meta name=\"twitter:label1\" content=\"Tiempo de lectura\" \/>\n\t<meta name=\"twitter:data1\" content=\"3 minutos\" \/>\n<script type=\"application\/ld+json\" class=\"yoast-schema-graph\">{\"@context\":\"https:\/\/schema.org\",\"@graph\":[{\"@type\":\"WebPage\",\"@id\":\"https:\/\/aurenweb-stg.servidortemporal.net\/es\/blog\/criterios-de-uso-de-los-dispositivos-digitales-en-su-empresa\/\",\"url\":\"https:\/\/aurenweb-stg.servidortemporal.net\/es\/blog\/criterios-de-uso-de-los-dispositivos-digitales-en-su-empresa\/\",\"name\":\"Criterios de uso de los dispositivos digitales en su empresa - Auren Espa\u00f1a\",\"isPartOf\":{\"@id\":\"https:\/\/aurenweb-stg.servidortemporal.net\/es\/#website\"},\"primaryImageOfPage\":{\"@id\":\"https:\/\/aurenweb-stg.servidortemporal.net\/es\/blog\/criterios-de-uso-de-los-dispositivos-digitales-en-su-empresa\/#primaryimage\"},\"image\":{\"@id\":\"https:\/\/aurenweb-stg.servidortemporal.net\/es\/blog\/criterios-de-uso-de-los-dispositivos-digitales-en-su-empresa\/#primaryimage\"},\"thumbnailUrl\":\"https:\/\/aurenweb-stg.servidortemporal.net\/es\/wp-content\/uploads\/2019\/02\/190304-criterio-del-uso-de-los-dispositivos-digitales-en-su-empresa.jpg\",\"datePublished\":\"2019-02-21T14:19:39+00:00\",\"breadcrumb\":{\"@id\":\"https:\/\/aurenweb-stg.servidortemporal.net\/es\/blog\/criterios-de-uso-de-los-dispositivos-digitales-en-su-empresa\/#breadcrumb\"},\"inLanguage\":\"es\",\"potentialAction\":[{\"@type\":\"ReadAction\",\"target\":[\"https:\/\/aurenweb-stg.servidortemporal.net\/es\/blog\/criterios-de-uso-de-los-dispositivos-digitales-en-su-empresa\/\"]}]},{\"@type\":\"ImageObject\",\"inLanguage\":\"es\",\"@id\":\"https:\/\/aurenweb-stg.servidortemporal.net\/es\/blog\/criterios-de-uso-de-los-dispositivos-digitales-en-su-empresa\/#primaryimage\",\"url\":\"https:\/\/aurenweb-stg.servidortemporal.net\/es\/wp-content\/uploads\/2019\/02\/190304-criterio-del-uso-de-los-dispositivos-digitales-en-su-empresa.jpg\",\"contentUrl\":\"https:\/\/aurenweb-stg.servidortemporal.net\/es\/wp-content\/uploads\/2019\/02\/190304-criterio-del-uso-de-los-dispositivos-digitales-en-su-empresa.jpg\",\"width\":1920,\"height\":655},{\"@type\":\"BreadcrumbList\",\"@id\":\"https:\/\/aurenweb-stg.servidortemporal.net\/es\/blog\/criterios-de-uso-de-los-dispositivos-digitales-en-su-empresa\/#breadcrumb\",\"itemListElement\":[{\"@type\":\"ListItem\",\"position\":1,\"name\":\"Portada\",\"item\":\"https:\/\/aurenweb-stg.servidortemporal.net\/es\/\"},{\"@type\":\"ListItem\",\"position\":2,\"name\":\"Criterios de uso de los dispositivos digitales en su empresa\"}]},{\"@type\":\"WebSite\",\"@id\":\"https:\/\/aurenweb-stg.servidortemporal.net\/es\/#website\",\"url\":\"https:\/\/aurenweb-stg.servidortemporal.net\/es\/\",\"name\":\"Auren\",\"description\":\"\",\"publisher\":{\"@id\":\"https:\/\/aurenweb-stg.servidortemporal.net\/es\/#organization\"},\"alternateName\":\"Auren\",\"potentialAction\":[{\"@type\":\"SearchAction\",\"target\":{\"@type\":\"EntryPoint\",\"urlTemplate\":\"https:\/\/aurenweb-stg.servidortemporal.net\/es\/?s={search_term_string}\"},\"query-input\":{\"@type\":\"PropertyValueSpecification\",\"valueRequired\":true,\"valueName\":\"search_term_string\"}}],\"inLanguage\":\"es\"},{\"@type\":\"Organization\",\"@id\":\"https:\/\/aurenweb-stg.servidortemporal.net\/es\/#organization\",\"name\":\"Auren\",\"alternateName\":\"Auren\",\"url\":\"https:\/\/aurenweb-stg.servidortemporal.net\/es\/\",\"logo\":{\"@type\":\"ImageObject\",\"inLanguage\":\"es\",\"@id\":\"https:\/\/aurenweb-stg.servidortemporal.net\/es\/#\/schema\/logo\/image\/\",\"url\":\"https:\/\/aurenweb-stg.servidortemporal.net\/es\/wp-content\/uploads\/2025\/01\/cropped-cropped-favicon-Auren.png\",\"contentUrl\":\"https:\/\/aurenweb-stg.servidortemporal.net\/es\/wp-content\/uploads\/2025\/01\/cropped-cropped-favicon-Auren.png\",\"width\":512,\"height\":512,\"caption\":\"Auren\"},\"image\":{\"@id\":\"https:\/\/aurenweb-stg.servidortemporal.net\/es\/#\/schema\/logo\/image\/\"},\"sameAs\":[\"https:\/\/x.com\/auren_spain\",\"https:\/\/www.linkedin.com\/company\/aurenspainserviciosprofesionales\",\"https:\/\/www.youtube.com\/@AurenEsp\",\"https:\/\/www.instagram.com\/auren_spain\"]}]}<\/script>\n<!-- \/ Yoast SEO plugin. -->","yoast_head_json":{"title":"Criterios de uso de los dispositivos digitales en su empresa - Auren Espa\u00f1a","robots":{"index":"noindex","follow":"follow","max-snippet":"max-snippet:-1","max-image-preview":"max-image-preview:large","max-video-preview":"max-video-preview:-1"},"og_locale":"es_ES","og_type":"article","og_title":"Criterios de uso de los dispositivos digitales en su empresa - Auren Espa\u00f1a","og_description":"Como bien sabr\u00e1, desde diciembre del a\u00f1o pasado est\u00e1 en vigor una nueva Ley Org\u00e1nica de Protecci\u00f3n de Datos, que sustituye a la LOPD de 1999 que hab\u00eda quedado desfasada tras la aprobaci\u00f3n del Reglamento europeo correspondiente (conocido como RGPD).","og_url":"https:\/\/aurenweb-stg.servidortemporal.net\/es\/blog\/criterios-de-uso-de-los-dispositivos-digitales-en-su-empresa\/","og_site_name":"Auren","og_image":[{"width":1920,"height":655,"url":"https:\/\/aurenweb-stg.servidortemporal.net\/es\/wp-content\/uploads\/2019\/02\/190304-criterio-del-uso-de-los-dispositivos-digitales-en-su-empresa.jpg","type":"image\/jpeg"}],"twitter_card":"summary_large_image","twitter_site":"@auren_spain","twitter_misc":{"Tiempo de lectura":"3 minutos"},"schema":{"@context":"https:\/\/schema.org","@graph":[{"@type":"WebPage","@id":"https:\/\/aurenweb-stg.servidortemporal.net\/es\/blog\/criterios-de-uso-de-los-dispositivos-digitales-en-su-empresa\/","url":"https:\/\/aurenweb-stg.servidortemporal.net\/es\/blog\/criterios-de-uso-de-los-dispositivos-digitales-en-su-empresa\/","name":"Criterios de uso de los dispositivos digitales en su empresa - Auren Espa\u00f1a","isPartOf":{"@id":"https:\/\/aurenweb-stg.servidortemporal.net\/es\/#website"},"primaryImageOfPage":{"@id":"https:\/\/aurenweb-stg.servidortemporal.net\/es\/blog\/criterios-de-uso-de-los-dispositivos-digitales-en-su-empresa\/#primaryimage"},"image":{"@id":"https:\/\/aurenweb-stg.servidortemporal.net\/es\/blog\/criterios-de-uso-de-los-dispositivos-digitales-en-su-empresa\/#primaryimage"},"thumbnailUrl":"https:\/\/aurenweb-stg.servidortemporal.net\/es\/wp-content\/uploads\/2019\/02\/190304-criterio-del-uso-de-los-dispositivos-digitales-en-su-empresa.jpg","datePublished":"2019-02-21T14:19:39+00:00","breadcrumb":{"@id":"https:\/\/aurenweb-stg.servidortemporal.net\/es\/blog\/criterios-de-uso-de-los-dispositivos-digitales-en-su-empresa\/#breadcrumb"},"inLanguage":"es","potentialAction":[{"@type":"ReadAction","target":["https:\/\/aurenweb-stg.servidortemporal.net\/es\/blog\/criterios-de-uso-de-los-dispositivos-digitales-en-su-empresa\/"]}]},{"@type":"ImageObject","inLanguage":"es","@id":"https:\/\/aurenweb-stg.servidortemporal.net\/es\/blog\/criterios-de-uso-de-los-dispositivos-digitales-en-su-empresa\/#primaryimage","url":"https:\/\/aurenweb-stg.servidortemporal.net\/es\/wp-content\/uploads\/2019\/02\/190304-criterio-del-uso-de-los-dispositivos-digitales-en-su-empresa.jpg","contentUrl":"https:\/\/aurenweb-stg.servidortemporal.net\/es\/wp-content\/uploads\/2019\/02\/190304-criterio-del-uso-de-los-dispositivos-digitales-en-su-empresa.jpg","width":1920,"height":655},{"@type":"BreadcrumbList","@id":"https:\/\/aurenweb-stg.servidortemporal.net\/es\/blog\/criterios-de-uso-de-los-dispositivos-digitales-en-su-empresa\/#breadcrumb","itemListElement":[{"@type":"ListItem","position":1,"name":"Portada","item":"https:\/\/aurenweb-stg.servidortemporal.net\/es\/"},{"@type":"ListItem","position":2,"name":"Criterios de uso de los dispositivos digitales en su empresa"}]},{"@type":"WebSite","@id":"https:\/\/aurenweb-stg.servidortemporal.net\/es\/#website","url":"https:\/\/aurenweb-stg.servidortemporal.net\/es\/","name":"Auren","description":"","publisher":{"@id":"https:\/\/aurenweb-stg.servidortemporal.net\/es\/#organization"},"alternateName":"Auren","potentialAction":[{"@type":"SearchAction","target":{"@type":"EntryPoint","urlTemplate":"https:\/\/aurenweb-stg.servidortemporal.net\/es\/?s={search_term_string}"},"query-input":{"@type":"PropertyValueSpecification","valueRequired":true,"valueName":"search_term_string"}}],"inLanguage":"es"},{"@type":"Organization","@id":"https:\/\/aurenweb-stg.servidortemporal.net\/es\/#organization","name":"Auren","alternateName":"Auren","url":"https:\/\/aurenweb-stg.servidortemporal.net\/es\/","logo":{"@type":"ImageObject","inLanguage":"es","@id":"https:\/\/aurenweb-stg.servidortemporal.net\/es\/#\/schema\/logo\/image\/","url":"https:\/\/aurenweb-stg.servidortemporal.net\/es\/wp-content\/uploads\/2025\/01\/cropped-cropped-favicon-Auren.png","contentUrl":"https:\/\/aurenweb-stg.servidortemporal.net\/es\/wp-content\/uploads\/2025\/01\/cropped-cropped-favicon-Auren.png","width":512,"height":512,"caption":"Auren"},"image":{"@id":"https:\/\/aurenweb-stg.servidortemporal.net\/es\/#\/schema\/logo\/image\/"},"sameAs":["https:\/\/x.com\/auren_spain","https:\/\/www.linkedin.com\/company\/aurenspainserviciosprofesionales","https:\/\/www.youtube.com\/@AurenEsp","https:\/\/www.instagram.com\/auren_spain"]}]}},"_links":{"self":[{"href":"https:\/\/aurenweb-stg.servidortemporal.net\/es\/wp-json\/wp\/v2\/blog\/7323","targetHints":{"allow":["GET"]}}],"collection":[{"href":"https:\/\/aurenweb-stg.servidortemporal.net\/es\/wp-json\/wp\/v2\/blog"}],"about":[{"href":"https:\/\/aurenweb-stg.servidortemporal.net\/es\/wp-json\/wp\/v2\/types\/blog"}],"version-history":[{"count":0,"href":"https:\/\/aurenweb-stg.servidortemporal.net\/es\/wp-json\/wp\/v2\/blog\/7323\/revisions"}],"wp:featuredmedia":[{"embeddable":true,"href":"https:\/\/aurenweb-stg.servidortemporal.net\/es\/wp-json\/wp\/v2\/media\/7324"}],"wp:attachment":[{"href":"https:\/\/aurenweb-stg.servidortemporal.net\/es\/wp-json\/wp\/v2\/media?parent=7323"}],"wp:term":[{"taxonomy":"blog-category","embeddable":true,"href":"https:\/\/aurenweb-stg.servidortemporal.net\/es\/wp-json\/wp\/v2\/blog-category?post=7323"}],"curies":[{"name":"wp","href":"https:\/\/api.w.org\/{rel}","templated":true}]}}