{"id":7497,"date":"2018-05-16T11:31:04","date_gmt":"2018-05-16T09:31:04","guid":{"rendered":"https:\/\/aurenweb-stg.servidortemporal.net\/es\/blog\/que-es-un-delegado-de-proteccion-de-datos\/"},"modified":"2018-05-16T11:31:04","modified_gmt":"2018-05-16T09:31:04","slug":"que-es-un-delegado-de-proteccion-de-datos","status":"publish","type":"blog","link":"https:\/\/aurenweb-stg.servidortemporal.net\/es\/blog\/que-es-un-delegado-de-proteccion-de-datos\/","title":{"rendered":"\u00bfQu\u00e9 es un Delegado de Protecci\u00f3n de Datos?"},"content":{"rendered":"<p class=\"text-justify\">El \u201cDelegado de Protecci\u00f3n de Datos\u201d o, en ingl\u00e9s, \u201cData Protection Officer\u201d (DPO), es una nueva figura, especialista en derecho de protecci\u00f3n de datos, que se crea al lado de las figuras del responsable y del encargado del tratamiento de los datos.<\/p>\n<p class=\"text-justify\">El Delegado de Protecci\u00f3n de Datos tiene las siguientes funciones:   <\/p>\n<ul class=\"text-justify\">\n<li class=\"text-justify\">Informar y asesorar a      los responsables y encargados del tratamiento de datos personales (y a sus      empleados) de las obligaciones que tienen, derivadas tanto de la      legislaci\u00f3n europea como de la espa\u00f1ola.   <\/li>\n<li class=\"text-justify\">Ofrecer el      asesoramiento que se le solicite para hacer la evaluaci\u00f3n de impacto de un      tratamiento de datos personales, cuando entra\u00f1e un alto riesgo para los      derechos y libertades de las personas f\u00edsicas, y supervisar luego su      aplicaci\u00f3n.   <\/li>\n<li class=\"text-justify\">Supervisar el      cumplimiento de dicha legislaci\u00f3n y de la pol\u00edtica de protecci\u00f3n de datos      de una Administraci\u00f3n P\u00fablica, empresa o entidad privada: asignaci\u00f3n de      responsabilidades, concienciaci\u00f3n y formaci\u00f3n del personal, auditor\u00edas,      etc.   <\/li>\n<li class=\"text-justify\">Cooperar con las      \u201cautoridades de control\u201d (Agencias de Protecci\u00f3n de Datos)   <\/li>\n<li class=\"text-justify\">Actuar como \u201cpunto de      contacto\u201d de las autoridades de control para cualquier consulta sobre el      tratamiento de datos personales; especialmente, la consulta previa obligatoria      en los casos en los que el tratamiento entra\u00f1e un alto riesgo.  <\/li>\n<\/ul>\n<p class=\"text-justify\"><strong>\u00bfRepresenta a los ciudadanos?<\/strong>   <\/p>\n<p class=\"text-justify\">Los titulares, afectados o interesados pueden dirigirse al Delegado de Protecci\u00f3n de Datos para todas las cuestiones relativas al tratamiento de sus datos personales y al ejercicio de sus derechos, incluidas posibles reclamaciones e indemnizaciones.   <\/p>\n<p class=\"text-justify\"><strong>\u00bfQui\u00e9n est\u00e1 obligado a tener un DPO?<\/strong><\/p>\n<p class=\"text-justify\">Est\u00e1n obligados a nombrar un Delegado de Protecci\u00f3n de Datos:   <\/p>\n<ul class=\"text-justify\">\n<li class=\"text-justify\">Las Administraciones      P\u00fablicas (autoridades y organismos, excepto Tribunales)   <\/li>\n<li class=\"text-justify\">Empresas y otras      entidades cuya actividad principal consista en el tratamiento masivo de      datos personales que, por su naturaleza, alcance o fines, requieran una      observaci\u00f3n habitual, sistem\u00e1tica y a gran escala de sus titulares.   <\/li>\n<li class=\"text-justify\">Empresas y otras      entidades cuya actividad principal consista en el tratamiento a gran      escala de categor\u00edas de datos personales especialmente protegidas      (art\u00edculo 9) y de datos relativos a condenas e infracciones penales      (art\u00edculo 10).  <\/li>\n<\/ul>\n<p class=\"text-justify\">En cambio, <strong>no est\u00e1n obligados<\/strong> a tener delegado de Protecci\u00f3n de Datos, pero es conveniente:<\/p>\n<ul class=\"text-justify\">\n<li class=\"text-justify\">Empresas (normalmente,      PYMEs) y otras entidades cuya actividad principal NO consista en el      tratamiento masivo de datos personales que est\u00e9n especialmente protegidos      o que requieran una observaci\u00f3n a gran escala de sus titulares.  <\/li>\n<\/ul>\n<p class=\"text-justify\"><strong>\u00bfEl DPO tiene que formar parte de la plantilla?<\/strong>   El Delegado de Protecci\u00f3n de Datos puede formar parte de la plantilla de una Administraci\u00f3n P\u00fablica, una Empresa o una Entidad privada, o ser un profesional ajeno que desempe\u00f1e sus funciones a trav\u00e9s de un contrato de servicios. En todo caso, debe garantizarse su independencia: no puede recibir instrucciones, ni puede ser destituido ni sancionado por lo que respecta al desempe\u00f1o de sus funciones<\/p>\n<p><!-- AddThis Advanced Settings generic via filter on the_content --><!-- AddThis Share Buttons generic via filter on the_content --><\/p>\n","protected":false},"excerpt":{"rendered":"<p>El \u201cDelegado de Protecci\u00f3n de Datos\u201d o, en ingl\u00e9s, \u201cData Protection Officer\u201d (DPO), es una nueva figura, especialista en derecho de protecci\u00f3n de datos, que se crea al lado de las figuras del responsable y del encargado del tratamiento de los datos.<br \/>\nEl Delegado de Protecci\u00f3n de Datos tiene las siguientes funciones: <\/p>\n","protected":false},"featured_media":7498,"template":"","meta":{"_acf_changed":false,"footnotes":""},"blog-category":[],"class_list":["post-7497","blog","type-blog","status-publish","has-post-thumbnail","hentry"],"acf":[],"yoast_head":"<!-- This site is optimized with the Yoast SEO plugin v27.0 - https:\/\/yoast.com\/product\/yoast-seo-wordpress\/ -->\n<title>\u00bfQu\u00e9 es un Delegado de Protecci\u00f3n de Datos? - Auren Espa\u00f1a<\/title>\n<meta name=\"robots\" content=\"noindex, follow, max-snippet:-1, max-image-preview:large, max-video-preview:-1\" \/>\n<meta property=\"og:locale\" content=\"es_ES\" \/>\n<meta property=\"og:type\" content=\"article\" \/>\n<meta property=\"og:title\" content=\"\u00bfQu\u00e9 es un Delegado de Protecci\u00f3n de Datos? - Auren Espa\u00f1a\" \/>\n<meta property=\"og:description\" content=\"El \u201cDelegado de Protecci\u00f3n de Datos\u201d o, en ingl\u00e9s, \u201cData Protection Officer\u201d (DPO), es una nueva figura, especialista en derecho de protecci\u00f3n de datos, que se crea al lado de las figuras del responsable y del encargado del tratamiento de los datos. El Delegado de Protecci\u00f3n de Datos tiene las siguientes funciones:\" \/>\n<meta property=\"og:url\" content=\"https:\/\/aurenweb-stg.servidortemporal.net\/es\/blog\/que-es-un-delegado-de-proteccion-de-datos\/\" \/>\n<meta property=\"og:site_name\" content=\"Auren\" \/>\n<meta property=\"og:image\" content=\"https:\/\/aurenweb-stg.servidortemporal.net\/es\/wp-content\/uploads\/2018\/05\/180516-que-es-un-delegado-de-proteccion-de-datos-sira-2.jpg\" \/>\n\t<meta property=\"og:image:width\" content=\"1920\" \/>\n\t<meta property=\"og:image:height\" content=\"655\" \/>\n\t<meta property=\"og:image:type\" content=\"image\/jpeg\" \/>\n<meta name=\"twitter:card\" content=\"summary_large_image\" \/>\n<meta name=\"twitter:site\" content=\"@auren_spain\" \/>\n<meta name=\"twitter:label1\" content=\"Tiempo de lectura\" \/>\n\t<meta name=\"twitter:data1\" content=\"2 minutos\" \/>\n<script type=\"application\/ld+json\" class=\"yoast-schema-graph\">{\"@context\":\"https:\/\/schema.org\",\"@graph\":[{\"@type\":\"WebPage\",\"@id\":\"https:\/\/aurenweb-stg.servidortemporal.net\/es\/blog\/que-es-un-delegado-de-proteccion-de-datos\/\",\"url\":\"https:\/\/aurenweb-stg.servidortemporal.net\/es\/blog\/que-es-un-delegado-de-proteccion-de-datos\/\",\"name\":\"\u00bfQu\u00e9 es un Delegado de Protecci\u00f3n de Datos? - Auren Espa\u00f1a\",\"isPartOf\":{\"@id\":\"https:\/\/aurenweb-stg.servidortemporal.net\/es\/#website\"},\"primaryImageOfPage\":{\"@id\":\"https:\/\/aurenweb-stg.servidortemporal.net\/es\/blog\/que-es-un-delegado-de-proteccion-de-datos\/#primaryimage\"},\"image\":{\"@id\":\"https:\/\/aurenweb-stg.servidortemporal.net\/es\/blog\/que-es-un-delegado-de-proteccion-de-datos\/#primaryimage\"},\"thumbnailUrl\":\"https:\/\/aurenweb-stg.servidortemporal.net\/es\/wp-content\/uploads\/2018\/05\/180516-que-es-un-delegado-de-proteccion-de-datos-sira-2.jpg\",\"datePublished\":\"2018-05-16T09:31:04+00:00\",\"breadcrumb\":{\"@id\":\"https:\/\/aurenweb-stg.servidortemporal.net\/es\/blog\/que-es-un-delegado-de-proteccion-de-datos\/#breadcrumb\"},\"inLanguage\":\"es\",\"potentialAction\":[{\"@type\":\"ReadAction\",\"target\":[\"https:\/\/aurenweb-stg.servidortemporal.net\/es\/blog\/que-es-un-delegado-de-proteccion-de-datos\/\"]}]},{\"@type\":\"ImageObject\",\"inLanguage\":\"es\",\"@id\":\"https:\/\/aurenweb-stg.servidortemporal.net\/es\/blog\/que-es-un-delegado-de-proteccion-de-datos\/#primaryimage\",\"url\":\"https:\/\/aurenweb-stg.servidortemporal.net\/es\/wp-content\/uploads\/2018\/05\/180516-que-es-un-delegado-de-proteccion-de-datos-sira-2.jpg\",\"contentUrl\":\"https:\/\/aurenweb-stg.servidortemporal.net\/es\/wp-content\/uploads\/2018\/05\/180516-que-es-un-delegado-de-proteccion-de-datos-sira-2.jpg\",\"width\":1920,\"height\":655},{\"@type\":\"BreadcrumbList\",\"@id\":\"https:\/\/aurenweb-stg.servidortemporal.net\/es\/blog\/que-es-un-delegado-de-proteccion-de-datos\/#breadcrumb\",\"itemListElement\":[{\"@type\":\"ListItem\",\"position\":1,\"name\":\"Portada\",\"item\":\"https:\/\/aurenweb-stg.servidortemporal.net\/es\/\"},{\"@type\":\"ListItem\",\"position\":2,\"name\":\"\u00bfQu\u00e9 es un Delegado de Protecci\u00f3n de Datos?\"}]},{\"@type\":\"WebSite\",\"@id\":\"https:\/\/aurenweb-stg.servidortemporal.net\/es\/#website\",\"url\":\"https:\/\/aurenweb-stg.servidortemporal.net\/es\/\",\"name\":\"Auren\",\"description\":\"\",\"publisher\":{\"@id\":\"https:\/\/aurenweb-stg.servidortemporal.net\/es\/#organization\"},\"alternateName\":\"Auren\",\"potentialAction\":[{\"@type\":\"SearchAction\",\"target\":{\"@type\":\"EntryPoint\",\"urlTemplate\":\"https:\/\/aurenweb-stg.servidortemporal.net\/es\/?s={search_term_string}\"},\"query-input\":{\"@type\":\"PropertyValueSpecification\",\"valueRequired\":true,\"valueName\":\"search_term_string\"}}],\"inLanguage\":\"es\"},{\"@type\":\"Organization\",\"@id\":\"https:\/\/aurenweb-stg.servidortemporal.net\/es\/#organization\",\"name\":\"Auren\",\"alternateName\":\"Auren\",\"url\":\"https:\/\/aurenweb-stg.servidortemporal.net\/es\/\",\"logo\":{\"@type\":\"ImageObject\",\"inLanguage\":\"es\",\"@id\":\"https:\/\/aurenweb-stg.servidortemporal.net\/es\/#\/schema\/logo\/image\/\",\"url\":\"https:\/\/aurenweb-stg.servidortemporal.net\/es\/wp-content\/uploads\/2025\/01\/cropped-cropped-favicon-Auren.png\",\"contentUrl\":\"https:\/\/aurenweb-stg.servidortemporal.net\/es\/wp-content\/uploads\/2025\/01\/cropped-cropped-favicon-Auren.png\",\"width\":512,\"height\":512,\"caption\":\"Auren\"},\"image\":{\"@id\":\"https:\/\/aurenweb-stg.servidortemporal.net\/es\/#\/schema\/logo\/image\/\"},\"sameAs\":[\"https:\/\/x.com\/auren_spain\",\"https:\/\/www.linkedin.com\/company\/aurenspainserviciosprofesionales\",\"https:\/\/www.youtube.com\/@AurenEsp\",\"https:\/\/www.instagram.com\/auren_spain\"]}]}<\/script>\n<!-- \/ Yoast SEO plugin. -->","yoast_head_json":{"title":"\u00bfQu\u00e9 es un Delegado de Protecci\u00f3n de Datos? - Auren Espa\u00f1a","robots":{"index":"noindex","follow":"follow","max-snippet":"max-snippet:-1","max-image-preview":"max-image-preview:large","max-video-preview":"max-video-preview:-1"},"og_locale":"es_ES","og_type":"article","og_title":"\u00bfQu\u00e9 es un Delegado de Protecci\u00f3n de Datos? - Auren Espa\u00f1a","og_description":"El \u201cDelegado de Protecci\u00f3n de Datos\u201d o, en ingl\u00e9s, \u201cData Protection Officer\u201d (DPO), es una nueva figura, especialista en derecho de protecci\u00f3n de datos, que se crea al lado de las figuras del responsable y del encargado del tratamiento de los datos. El Delegado de Protecci\u00f3n de Datos tiene las siguientes funciones:","og_url":"https:\/\/aurenweb-stg.servidortemporal.net\/es\/blog\/que-es-un-delegado-de-proteccion-de-datos\/","og_site_name":"Auren","og_image":[{"width":1920,"height":655,"url":"https:\/\/aurenweb-stg.servidortemporal.net\/es\/wp-content\/uploads\/2018\/05\/180516-que-es-un-delegado-de-proteccion-de-datos-sira-2.jpg","type":"image\/jpeg"}],"twitter_card":"summary_large_image","twitter_site":"@auren_spain","twitter_misc":{"Tiempo de lectura":"2 minutos"},"schema":{"@context":"https:\/\/schema.org","@graph":[{"@type":"WebPage","@id":"https:\/\/aurenweb-stg.servidortemporal.net\/es\/blog\/que-es-un-delegado-de-proteccion-de-datos\/","url":"https:\/\/aurenweb-stg.servidortemporal.net\/es\/blog\/que-es-un-delegado-de-proteccion-de-datos\/","name":"\u00bfQu\u00e9 es un Delegado de Protecci\u00f3n de Datos? - Auren Espa\u00f1a","isPartOf":{"@id":"https:\/\/aurenweb-stg.servidortemporal.net\/es\/#website"},"primaryImageOfPage":{"@id":"https:\/\/aurenweb-stg.servidortemporal.net\/es\/blog\/que-es-un-delegado-de-proteccion-de-datos\/#primaryimage"},"image":{"@id":"https:\/\/aurenweb-stg.servidortemporal.net\/es\/blog\/que-es-un-delegado-de-proteccion-de-datos\/#primaryimage"},"thumbnailUrl":"https:\/\/aurenweb-stg.servidortemporal.net\/es\/wp-content\/uploads\/2018\/05\/180516-que-es-un-delegado-de-proteccion-de-datos-sira-2.jpg","datePublished":"2018-05-16T09:31:04+00:00","breadcrumb":{"@id":"https:\/\/aurenweb-stg.servidortemporal.net\/es\/blog\/que-es-un-delegado-de-proteccion-de-datos\/#breadcrumb"},"inLanguage":"es","potentialAction":[{"@type":"ReadAction","target":["https:\/\/aurenweb-stg.servidortemporal.net\/es\/blog\/que-es-un-delegado-de-proteccion-de-datos\/"]}]},{"@type":"ImageObject","inLanguage":"es","@id":"https:\/\/aurenweb-stg.servidortemporal.net\/es\/blog\/que-es-un-delegado-de-proteccion-de-datos\/#primaryimage","url":"https:\/\/aurenweb-stg.servidortemporal.net\/es\/wp-content\/uploads\/2018\/05\/180516-que-es-un-delegado-de-proteccion-de-datos-sira-2.jpg","contentUrl":"https:\/\/aurenweb-stg.servidortemporal.net\/es\/wp-content\/uploads\/2018\/05\/180516-que-es-un-delegado-de-proteccion-de-datos-sira-2.jpg","width":1920,"height":655},{"@type":"BreadcrumbList","@id":"https:\/\/aurenweb-stg.servidortemporal.net\/es\/blog\/que-es-un-delegado-de-proteccion-de-datos\/#breadcrumb","itemListElement":[{"@type":"ListItem","position":1,"name":"Portada","item":"https:\/\/aurenweb-stg.servidortemporal.net\/es\/"},{"@type":"ListItem","position":2,"name":"\u00bfQu\u00e9 es un Delegado de Protecci\u00f3n de Datos?"}]},{"@type":"WebSite","@id":"https:\/\/aurenweb-stg.servidortemporal.net\/es\/#website","url":"https:\/\/aurenweb-stg.servidortemporal.net\/es\/","name":"Auren","description":"","publisher":{"@id":"https:\/\/aurenweb-stg.servidortemporal.net\/es\/#organization"},"alternateName":"Auren","potentialAction":[{"@type":"SearchAction","target":{"@type":"EntryPoint","urlTemplate":"https:\/\/aurenweb-stg.servidortemporal.net\/es\/?s={search_term_string}"},"query-input":{"@type":"PropertyValueSpecification","valueRequired":true,"valueName":"search_term_string"}}],"inLanguage":"es"},{"@type":"Organization","@id":"https:\/\/aurenweb-stg.servidortemporal.net\/es\/#organization","name":"Auren","alternateName":"Auren","url":"https:\/\/aurenweb-stg.servidortemporal.net\/es\/","logo":{"@type":"ImageObject","inLanguage":"es","@id":"https:\/\/aurenweb-stg.servidortemporal.net\/es\/#\/schema\/logo\/image\/","url":"https:\/\/aurenweb-stg.servidortemporal.net\/es\/wp-content\/uploads\/2025\/01\/cropped-cropped-favicon-Auren.png","contentUrl":"https:\/\/aurenweb-stg.servidortemporal.net\/es\/wp-content\/uploads\/2025\/01\/cropped-cropped-favicon-Auren.png","width":512,"height":512,"caption":"Auren"},"image":{"@id":"https:\/\/aurenweb-stg.servidortemporal.net\/es\/#\/schema\/logo\/image\/"},"sameAs":["https:\/\/x.com\/auren_spain","https:\/\/www.linkedin.com\/company\/aurenspainserviciosprofesionales","https:\/\/www.youtube.com\/@AurenEsp","https:\/\/www.instagram.com\/auren_spain"]}]}},"_links":{"self":[{"href":"https:\/\/aurenweb-stg.servidortemporal.net\/es\/wp-json\/wp\/v2\/blog\/7497","targetHints":{"allow":["GET"]}}],"collection":[{"href":"https:\/\/aurenweb-stg.servidortemporal.net\/es\/wp-json\/wp\/v2\/blog"}],"about":[{"href":"https:\/\/aurenweb-stg.servidortemporal.net\/es\/wp-json\/wp\/v2\/types\/blog"}],"version-history":[{"count":0,"href":"https:\/\/aurenweb-stg.servidortemporal.net\/es\/wp-json\/wp\/v2\/blog\/7497\/revisions"}],"wp:featuredmedia":[{"embeddable":true,"href":"https:\/\/aurenweb-stg.servidortemporal.net\/es\/wp-json\/wp\/v2\/media\/7498"}],"wp:attachment":[{"href":"https:\/\/aurenweb-stg.servidortemporal.net\/es\/wp-json\/wp\/v2\/media?parent=7497"}],"wp:term":[{"taxonomy":"blog-category","embeddable":true,"href":"https:\/\/aurenweb-stg.servidortemporal.net\/es\/wp-json\/wp\/v2\/blog-category?post=7497"}],"curies":[{"name":"wp","href":"https:\/\/api.w.org\/{rel}","templated":true}]}}