{"id":6767,"date":"2017-07-10T14:26:28","date_gmt":"2017-07-10T12:26:28","guid":{"rendered":"https:\/\/auren.com\/nl\/blog\/privekilometers-optellen-bij-nieuwe-auto-van-de-zaak\/"},"modified":"2017-07-10T14:26:28","modified_gmt":"2017-07-10T12:26:28","slug":"privekilometers-optellen-bij-nieuwe-auto-van-de-zaak","status":"publish","type":"blog","link":"https:\/\/aurenweb-stg.servidortemporal.net\/nl\/blog\/privekilometers-optellen-bij-nieuwe-auto-van-de-zaak\/","title":{"rendered":"Priv\u00e9kilometers optellen bij nieuwe auto van de zaak"},"content":{"rendered":"<p>Rijdt u een auto van de zaak en maakt u aantoonbaar niet meer dan 500 priv\u00e9kilometers? Dan heeft u geen bijtelling. Krijgt u gedurende het jaar een nieuwe zakelijke auto? Dan moeten de priv\u00e9kilometers van beide auto\u2019s bij elkaar worden opgeteld.&nbsp;&nbsp; <\/p>\n<p> \tAls u een auto van de zaak rijdt, heeft u meestal met de bekende bijtelling te maken. Dit kan aardig in de papieren lopen. Alleen als u de auto in een jaar aantoonbaar niet meer dan 500 kilometer priv\u00e9 gebruikt, krijgt u geen bijtelling.<\/p>\n<p> \t<em><strong>Let op! <\/strong>Wisselt u tijdens het jaar van auto, moeten voor de beoordeling van de 500 kilometergrens de priv\u00e9kilometers van beide auto&#8217;s bij elkaar worden opgeteld.<\/em><\/p>\n<h2>Voorbeeld <\/h2>\n<p> \tU rijdt in 2016 van januari t\/m oktober in een auto van \u20ac 50.000 met een bijtelling van 25%. Deze auto gebruikt u aantoonbaar niet priv\u00e9. Op 1 november krijgt u een andere auto van \u20ac 40.000 meteen bijtelling van 4%. Vanwege de lage bijtelling besluit u deze auto wel priv\u00e9 te gebruiken en u rijdt 1.500 km priv\u00e9. Omdat u met beide auto&#8217;s samen m\u00e9\u00e9r dan 500 kilometer priv\u00e9 heeft gereden, krijgt u voor beide auto&#8217;s een bijtelling, dus ook over de auto waarmee u aantoonbaar niet priv\u00e9 heeft gereden. De bijtelling wordt dan:<br \/> \t 10\/12 x \u20ac50.000 x 25% = \u20ac 10.417d<br \/> \t 2\/12 x \u20ac40.000 x 4% = \u20ac 267<br \/> \t De totale bijtelling komt daarmee op \u20ac 10.684 ofwel op \u20ac 7,12 per priv\u00e9 gereden kilometer!<\/p>\n<p> \t<em><strong>Tip<\/strong>: U kunt dit voorkomen door met uw oude en nieuwe auto samen in 2016 aantoonbaar niet meer dan 500 kilometer priv\u00e9 te rijden. Besluit daarom om de auto \u00f3f pas in het nieuwe jaar priv\u00e9 te gaan gebruiken \u00f3f pas in het nieuwe jaar aan te schaffen.<\/em><\/p>\n<p><!-- AddThis Advanced Settings generic via filter on the_content --><!-- AddThis Share Buttons generic via filter on the_content --><\/p>\n","protected":false},"excerpt":{"rendered":"<p>Rijdt u een auto van de zaak en maakt u aantoonbaar niet meer dan 500 priv\u00e9kilometers? Dan heeft u geen bijtelling. Krijgt u gedurende het jaar een nieuwe zakelijke auto? Dan moeten de priv\u00e9kilometers van beide auto\u2019s bij elkaar worden opgeteld.&nbsp;&nbsp; <\/p>\n","protected":false},"featured_media":6768,"template":"","meta":{"_acf_changed":false,"footnotes":""},"blog-category":[],"class_list":["post-6767","blog","type-blog","status-publish","has-post-thumbnail","hentry"],"acf":[],"yoast_head":"<!-- This site is optimized with the Yoast SEO plugin v24.5 - https:\/\/yoast.com\/wordpress\/plugins\/seo\/ -->\n<title>Priv\u00e9kilometers optellen bij nieuwe auto van de zaak - Auren Netherlands<\/title>\n<meta name=\"robots\" content=\"noindex, follow, max-snippet:-1, max-image-preview:large, max-video-preview:-1\" \/>\n<meta property=\"og:locale\" content=\"nl_NL\" \/>\n<meta property=\"og:type\" content=\"article\" \/>\n<meta property=\"og:title\" content=\"Priv\u00e9kilometers optellen bij nieuwe auto van de zaak - Auren Netherlands\" \/>\n<meta property=\"og:description\" content=\"Rijdt u een auto van de zaak en maakt u aantoonbaar niet meer dan 500 priv\u00e9kilometers? Dan heeft u geen bijtelling. Krijgt u gedurende het jaar een nieuwe zakelijke auto? Dan moeten de priv\u00e9kilometers van beide auto\u2019s bij elkaar worden opgeteld.&nbsp;&nbsp;\" \/>\n<meta property=\"og:url\" content=\"https:\/\/aurenweb-stg.servidortemporal.net\/nl\/blog\/privekilometers-optellen-bij-nieuwe-auto-van-de-zaak\/\" \/>\n<meta property=\"og:site_name\" content=\"Auren Netherlands\" \/>\n<meta property=\"article:publisher\" content=\"https:\/\/www.facebook.com\/aurennederland\/\" \/>\n<meta property=\"og:image\" content=\"https:\/\/aurenweb-stg.servidortemporal.net\/nl\/wp-content\/uploads\/2017\/07\/236-5-2.jpg\" \/>\n\t<meta property=\"og:image:width\" content=\"1000\" \/>\n\t<meta property=\"og:image:height\" content=\"710\" \/>\n\t<meta property=\"og:image:type\" content=\"image\/jpeg\" \/>\n<meta name=\"twitter:card\" content=\"summary_large_image\" \/>\n<meta name=\"twitter:label1\" content=\"Geschatte leestijd\" \/>\n\t<meta name=\"twitter:data1\" content=\"1 minuut\" \/>\n<script type=\"application\/ld+json\" class=\"yoast-schema-graph\">{\"@context\":\"https:\/\/schema.org\",\"@graph\":[{\"@type\":\"WebPage\",\"@id\":\"https:\/\/aurenweb-stg.servidortemporal.net\/nl\/blog\/privekilometers-optellen-bij-nieuwe-auto-van-de-zaak\/\",\"url\":\"https:\/\/aurenweb-stg.servidortemporal.net\/nl\/blog\/privekilometers-optellen-bij-nieuwe-auto-van-de-zaak\/\",\"name\":\"Priv\u00e9kilometers optellen bij nieuwe auto van de zaak - Auren Netherlands\",\"isPartOf\":{\"@id\":\"https:\/\/aurenweb-stg.servidortemporal.net\/nl\/#website\"},\"primaryImageOfPage\":{\"@id\":\"https:\/\/aurenweb-stg.servidortemporal.net\/nl\/blog\/privekilometers-optellen-bij-nieuwe-auto-van-de-zaak\/#primaryimage\"},\"image\":{\"@id\":\"https:\/\/aurenweb-stg.servidortemporal.net\/nl\/blog\/privekilometers-optellen-bij-nieuwe-auto-van-de-zaak\/#primaryimage\"},\"thumbnailUrl\":\"https:\/\/aurenweb-stg.servidortemporal.net\/nl\/wp-content\/uploads\/2017\/07\/236-5-2.jpg\",\"datePublished\":\"2017-07-10T12:26:28+00:00\",\"breadcrumb\":{\"@id\":\"https:\/\/aurenweb-stg.servidortemporal.net\/nl\/blog\/privekilometers-optellen-bij-nieuwe-auto-van-de-zaak\/#breadcrumb\"},\"inLanguage\":\"nl-NL\",\"potentialAction\":[{\"@type\":\"ReadAction\",\"target\":[\"https:\/\/aurenweb-stg.servidortemporal.net\/nl\/blog\/privekilometers-optellen-bij-nieuwe-auto-van-de-zaak\/\"]}]},{\"@type\":\"ImageObject\",\"inLanguage\":\"nl-NL\",\"@id\":\"https:\/\/aurenweb-stg.servidortemporal.net\/nl\/blog\/privekilometers-optellen-bij-nieuwe-auto-van-de-zaak\/#primaryimage\",\"url\":\"https:\/\/aurenweb-stg.servidortemporal.net\/nl\/wp-content\/uploads\/2017\/07\/236-5-2.jpg\",\"contentUrl\":\"https:\/\/aurenweb-stg.servidortemporal.net\/nl\/wp-content\/uploads\/2017\/07\/236-5-2.jpg\",\"width\":1000,\"height\":710},{\"@type\":\"BreadcrumbList\",\"@id\":\"https:\/\/aurenweb-stg.servidortemporal.net\/nl\/blog\/privekilometers-optellen-bij-nieuwe-auto-van-de-zaak\/#breadcrumb\",\"itemListElement\":[{\"@type\":\"ListItem\",\"position\":1,\"name\":\"Home\",\"item\":\"https:\/\/aurenweb-stg.servidortemporal.net\/nl\/\"},{\"@type\":\"ListItem\",\"position\":2,\"name\":\"Priv\u00e9kilometers optellen bij nieuwe auto van de zaak\"}]},{\"@type\":\"WebSite\",\"@id\":\"https:\/\/aurenweb-stg.servidortemporal.net\/nl\/#website\",\"url\":\"https:\/\/aurenweb-stg.servidortemporal.net\/nl\/\",\"name\":\"Auren Netherlands\",\"description\":\"\",\"publisher\":{\"@id\":\"https:\/\/aurenweb-stg.servidortemporal.net\/nl\/#organization\"},\"potentialAction\":[{\"@type\":\"SearchAction\",\"target\":{\"@type\":\"EntryPoint\",\"urlTemplate\":\"https:\/\/aurenweb-stg.servidortemporal.net\/nl\/?s={search_term_string}\"},\"query-input\":{\"@type\":\"PropertyValueSpecification\",\"valueRequired\":true,\"valueName\":\"search_term_string\"}}],\"inLanguage\":\"nl-NL\"},{\"@type\":\"Organization\",\"@id\":\"https:\/\/aurenweb-stg.servidortemporal.net\/nl\/#organization\",\"name\":\"Auren Netherlands\",\"url\":\"https:\/\/aurenweb-stg.servidortemporal.net\/nl\/\",\"logo\":{\"@type\":\"ImageObject\",\"inLanguage\":\"nl-NL\",\"@id\":\"https:\/\/aurenweb-stg.servidortemporal.net\/nl\/#\/schema\/logo\/image\/\",\"url\":\"https:\/\/aurenweb-stg.servidortemporal.net\/nl\/wp-content\/uploads\/2025\/01\/cropped-cropped-favicon-Auren.png\",\"contentUrl\":\"https:\/\/aurenweb-stg.servidortemporal.net\/nl\/wp-content\/uploads\/2025\/01\/cropped-cropped-favicon-Auren.png\",\"width\":512,\"height\":512,\"caption\":\"Auren Netherlands\"},\"image\":{\"@id\":\"https:\/\/aurenweb-stg.servidortemporal.net\/nl\/#\/schema\/logo\/image\/\"},\"sameAs\":[\"https:\/\/www.facebook.com\/aurennederland\/\",\"https:\/\/www.instagram.com\/auren_nederland\/\",\"https:\/\/www.linkedin.com\/company\/auren-nederland\"]}]}<\/script>\n<!-- \/ Yoast SEO plugin. -->","yoast_head_json":{"title":"Priv\u00e9kilometers optellen bij nieuwe auto van de zaak - Auren Netherlands","robots":{"index":"noindex","follow":"follow","max-snippet":"max-snippet:-1","max-image-preview":"max-image-preview:large","max-video-preview":"max-video-preview:-1"},"og_locale":"nl_NL","og_type":"article","og_title":"Priv\u00e9kilometers optellen bij nieuwe auto van de zaak - Auren Netherlands","og_description":"Rijdt u een auto van de zaak en maakt u aantoonbaar niet meer dan 500 priv\u00e9kilometers? Dan heeft u geen bijtelling. Krijgt u gedurende het jaar een nieuwe zakelijke auto? Dan moeten de priv\u00e9kilometers van beide auto\u2019s bij elkaar worden opgeteld.&nbsp;&nbsp;","og_url":"https:\/\/aurenweb-stg.servidortemporal.net\/nl\/blog\/privekilometers-optellen-bij-nieuwe-auto-van-de-zaak\/","og_site_name":"Auren Netherlands","article_publisher":"https:\/\/www.facebook.com\/aurennederland\/","og_image":[{"width":1000,"height":710,"url":"https:\/\/aurenweb-stg.servidortemporal.net\/nl\/wp-content\/uploads\/2017\/07\/236-5-2.jpg","type":"image\/jpeg"}],"twitter_card":"summary_large_image","twitter_misc":{"Geschatte leestijd":"1 minuut"},"schema":{"@context":"https:\/\/schema.org","@graph":[{"@type":"WebPage","@id":"https:\/\/aurenweb-stg.servidortemporal.net\/nl\/blog\/privekilometers-optellen-bij-nieuwe-auto-van-de-zaak\/","url":"https:\/\/aurenweb-stg.servidortemporal.net\/nl\/blog\/privekilometers-optellen-bij-nieuwe-auto-van-de-zaak\/","name":"Priv\u00e9kilometers optellen bij nieuwe auto van de zaak - Auren Netherlands","isPartOf":{"@id":"https:\/\/aurenweb-stg.servidortemporal.net\/nl\/#website"},"primaryImageOfPage":{"@id":"https:\/\/aurenweb-stg.servidortemporal.net\/nl\/blog\/privekilometers-optellen-bij-nieuwe-auto-van-de-zaak\/#primaryimage"},"image":{"@id":"https:\/\/aurenweb-stg.servidortemporal.net\/nl\/blog\/privekilometers-optellen-bij-nieuwe-auto-van-de-zaak\/#primaryimage"},"thumbnailUrl":"https:\/\/aurenweb-stg.servidortemporal.net\/nl\/wp-content\/uploads\/2017\/07\/236-5-2.jpg","datePublished":"2017-07-10T12:26:28+00:00","breadcrumb":{"@id":"https:\/\/aurenweb-stg.servidortemporal.net\/nl\/blog\/privekilometers-optellen-bij-nieuwe-auto-van-de-zaak\/#breadcrumb"},"inLanguage":"nl-NL","potentialAction":[{"@type":"ReadAction","target":["https:\/\/aurenweb-stg.servidortemporal.net\/nl\/blog\/privekilometers-optellen-bij-nieuwe-auto-van-de-zaak\/"]}]},{"@type":"ImageObject","inLanguage":"nl-NL","@id":"https:\/\/aurenweb-stg.servidortemporal.net\/nl\/blog\/privekilometers-optellen-bij-nieuwe-auto-van-de-zaak\/#primaryimage","url":"https:\/\/aurenweb-stg.servidortemporal.net\/nl\/wp-content\/uploads\/2017\/07\/236-5-2.jpg","contentUrl":"https:\/\/aurenweb-stg.servidortemporal.net\/nl\/wp-content\/uploads\/2017\/07\/236-5-2.jpg","width":1000,"height":710},{"@type":"BreadcrumbList","@id":"https:\/\/aurenweb-stg.servidortemporal.net\/nl\/blog\/privekilometers-optellen-bij-nieuwe-auto-van-de-zaak\/#breadcrumb","itemListElement":[{"@type":"ListItem","position":1,"name":"Home","item":"https:\/\/aurenweb-stg.servidortemporal.net\/nl\/"},{"@type":"ListItem","position":2,"name":"Priv\u00e9kilometers optellen bij nieuwe auto van de zaak"}]},{"@type":"WebSite","@id":"https:\/\/aurenweb-stg.servidortemporal.net\/nl\/#website","url":"https:\/\/aurenweb-stg.servidortemporal.net\/nl\/","name":"Auren Netherlands","description":"","publisher":{"@id":"https:\/\/aurenweb-stg.servidortemporal.net\/nl\/#organization"},"potentialAction":[{"@type":"SearchAction","target":{"@type":"EntryPoint","urlTemplate":"https:\/\/aurenweb-stg.servidortemporal.net\/nl\/?s={search_term_string}"},"query-input":{"@type":"PropertyValueSpecification","valueRequired":true,"valueName":"search_term_string"}}],"inLanguage":"nl-NL"},{"@type":"Organization","@id":"https:\/\/aurenweb-stg.servidortemporal.net\/nl\/#organization","name":"Auren Netherlands","url":"https:\/\/aurenweb-stg.servidortemporal.net\/nl\/","logo":{"@type":"ImageObject","inLanguage":"nl-NL","@id":"https:\/\/aurenweb-stg.servidortemporal.net\/nl\/#\/schema\/logo\/image\/","url":"https:\/\/aurenweb-stg.servidortemporal.net\/nl\/wp-content\/uploads\/2025\/01\/cropped-cropped-favicon-Auren.png","contentUrl":"https:\/\/aurenweb-stg.servidortemporal.net\/nl\/wp-content\/uploads\/2025\/01\/cropped-cropped-favicon-Auren.png","width":512,"height":512,"caption":"Auren Netherlands"},"image":{"@id":"https:\/\/aurenweb-stg.servidortemporal.net\/nl\/#\/schema\/logo\/image\/"},"sameAs":["https:\/\/www.facebook.com\/aurennederland\/","https:\/\/www.instagram.com\/auren_nederland\/","https:\/\/www.linkedin.com\/company\/auren-nederland"]}]}},"_links":{"self":[{"href":"https:\/\/aurenweb-stg.servidortemporal.net\/nl\/wp-json\/wp\/v2\/blog\/6767","targetHints":{"allow":["GET"]}}],"collection":[{"href":"https:\/\/aurenweb-stg.servidortemporal.net\/nl\/wp-json\/wp\/v2\/blog"}],"about":[{"href":"https:\/\/aurenweb-stg.servidortemporal.net\/nl\/wp-json\/wp\/v2\/types\/blog"}],"version-history":[{"count":0,"href":"https:\/\/aurenweb-stg.servidortemporal.net\/nl\/wp-json\/wp\/v2\/blog\/6767\/revisions"}],"wp:featuredmedia":[{"embeddable":true,"href":"https:\/\/aurenweb-stg.servidortemporal.net\/nl\/wp-json\/wp\/v2\/media\/6768"}],"wp:attachment":[{"href":"https:\/\/aurenweb-stg.servidortemporal.net\/nl\/wp-json\/wp\/v2\/media?parent=6767"}],"wp:term":[{"taxonomy":"blog-category","embeddable":true,"href":"https:\/\/aurenweb-stg.servidortemporal.net\/nl\/wp-json\/wp\/v2\/blog-category?post=6767"}],"curies":[{"name":"wp","href":"https:\/\/api.w.org\/{rel}","templated":true}]}}